{"id":116438,"date":"2022-07-31T15:07:57","date_gmt":"2022-07-31T13:07:57","guid":{"rendered":"https:\/\/www.messinaoggi.it\/website\/2022\/07\/31\/elezioni-calenda-basta-aperture-ai-cinquestelle\/"},"modified":"2022-07-31T15:07:57","modified_gmt":"2022-07-31T13:07:57","slug":"elezioni-calenda-basta-aperture-ai-cinquestelle","status":"publish","type":"post","link":"https:\/\/www.messinaoggi.it\/website\/2022\/07\/31\/elezioni-calenda-basta-aperture-ai-cinquestelle\/","title":{"rendered":"Elezioni, Calenda \u201cBasta aperture ai Cinquestelle\u201d"},"content":{"rendered":"<div>ROMA (ITALPRESS) &#8211; &#8220;Discutiamo di quello che volete, ma agli elettori di Azione non possiamo chiedere di votare Di Maio, Bonelli e Fratoianni nei collegi uninominali&#8221;. Lo scrive su Twitter il leader di Azione Carlo Calenda. &#8220;Aggiungo: con Pi\u00f9 Europa abbiamo presentato un&#8217;agenda di Governo. Fratoianni e Bonelli non la condividono integralmente. Di Maio \u00e8 la principale ragione per cui abbiamo specificato che ci impegniamo a candidare a posti di governo solo persone con solide competenze&#8221;, aggiunge. &#8220;Non si batte la destra senza costruire una prospettiva di Governo. Non si costruisce una prospettiva di Governo se non si condividono dei contenuti. La stagione del &#8216;tutti contr\u00f2 \u00e8 finita perch\u00e8 ha dimostrato di essere fallimentare&#8221;, spiega. &#8220;Gli elettori chiedono coerenza e seriet\u00e0. Queste elezioni si possono vincere se, come ha fatto Draghi nel suo discorso al Senato, si \u00e8 in grado di dire dei s\u00ec e dei no e indicare una rotta precisa. Basta aperture ai 5S, basta raccattarsi i 5S. Chiarezza di contenuti e coraggio&#8221;, conclude Calenda.<br \/>(ITALPRESS).<br \/>-foto agenziafotogramma.it-<\/div>\n<div id=\"div-gpt-ad-Messinaoggi.it-DSK-300x250-corpoart\" style=\"text-align:center;margin:0 auto;\"><\/div><\/p><div id=\"videoincontent\" style=\"clear:both\";><\/div>","protected":false},"excerpt":{"rendered":"<p>ROMA (ITALPRESS) &#8211; &#8220;Discutiamo di quello che volete, ma agli elettori di Azione non possiamo chiedere di votare Di Maio, Bonelli e Fratoianni nei collegi uninominali&#8221;. Lo scrive su Twitter il leader di Azione Carlo Calenda. &#8220;Aggiungo: con Pi\u00f9 Europa abbiamo presentato un&#8217;agenda di Governo. Fratoianni e Bonelli non la condividono integralmente. Di Maio \u00e8 [&hellip;]<\/p>\n","protected":false},"author":18,"featured_media":116439,"comment_status":"closed","ping_status":"closed","sticky":false,"template":"","format":"standard","meta":{"ub_ctt_via":"","_mi_skip_tracking":false},"categories":[446],"tags":[783],"featured_image_src":"https:\/\/www.messinaoggi.it\/website\/wp-content\/uploads\/2022\/07\/20220731_0232.jpg","author_info":{"display_name":"Admin","author_link":"https:\/\/www.messinaoggi.it\/website\/author\/admin\/"},"digistream_id":0,"digistream":false,"_links":{"self":[{"href":"https:\/\/www.messinaoggi.it\/website\/wp-json\/wp\/v2\/posts\/116438"}],"collection":[{"href":"https:\/\/www.messinaoggi.it\/website\/wp-json\/wp\/v2\/posts"}],"about":[{"href":"https:\/\/www.messinaoggi.it\/website\/wp-json\/wp\/v2\/types\/post"}],"author":[{"embeddable":true,"href":"https:\/\/www.messinaoggi.it\/website\/wp-json\/wp\/v2\/users\/18"}],"replies":[{"embeddable":true,"href":"https:\/\/www.messinaoggi.it\/website\/wp-json\/wp\/v2\/comments?post=116438"}],"version-history":[{"count":0,"href":"https:\/\/www.messinaoggi.it\/website\/wp-json\/wp\/v2\/posts\/116438\/revisions"}],"wp:featuredmedia":[{"embeddable":true,"href":"https:\/\/www.messinaoggi.it\/website\/wp-json\/wp\/v2\/media\/116439"}],"wp:attachment":[{"href":"https:\/\/www.messinaoggi.it\/website\/wp-json\/wp\/v2\/media?parent=116438"}],"wp:term":[{"taxonomy":"category","embeddable":true,"href":"https:\/\/www.messinaoggi.it\/website\/wp-json\/wp\/v2\/categories?post=116438"},{"taxonomy":"post_tag","embeddable":true,"href":"https:\/\/www.messinaoggi.it\/website\/wp-json\/wp\/v2\/tags?post=116438"}],"curies":[{"name":"wp","href":"https:\/\/api.w.org\/{rel}","templated":true}]}}