{"id":116353,"date":"2022-07-30T10:17:51","date_gmt":"2022-07-30T08:17:51","guid":{"rendered":"https:\/\/www.messinaoggi.it\/website\/2022\/07\/30\/sicilia-bertolaso-musumeci-merita-di-proseguire-nel-suo-operato\/"},"modified":"2022-07-30T13:01:53","modified_gmt":"2022-07-30T11:01:53","slug":"sicilia-bertolaso-musumeci-merita-di-proseguire-nel-suo-operato","status":"publish","type":"post","link":"https:\/\/www.messinaoggi.it\/website\/2022\/07\/30\/sicilia-bertolaso-musumeci-merita-di-proseguire-nel-suo-operato\/","title":{"rendered":"Sicilia, Bertolaso \u201cMusumeci merita di proseguire nel suo operato\u201d"},"content":{"rendered":"<div>\n<p>MILANO (ITALPRESS) \u2013 \u201cAbbiamo vissuto stagioni e momenti complicati. Non dimentichiamo il Covid. Anch\u2019io ho dato una mano all\u2019inizio della pandemia in Sicilia. Credo che un giudizio sull\u2019operato di un presidente non possa essere slegato dal contesto e dalle condizioni in cui \u00e8 stato chiamato a operare. Musumeci ha governato con grande passione e nel migliore dei modi, merita di proseguire il suo operato. Spero che i partiti al momento di decidere ne tengano conto\u201d. Lo ha detto il consulente della Regione Lombardia per la campagna vaccinale, nonch\u00e8 ex numero uno della Protezione Civile, Guido Bertolaso, in un intervista a \u201cLa Sicilia\u201d, di fatto caldeggiando un governo Musumeci Bis per la Regione Sicilia. Nel corso dell\u2019intervista, Bertolaso ha parlato a lungo anche dell\u2019emergenza rifiuti, problema che riguarda l\u2019Isola, ma anche altre grandi citt\u00e0, come ad esempio la Capitale. \u201cQuando mi sono trovato a fronteggiare le emergenze dei rifiuti, anche sulla scorta dei Paesi pi\u00f9 avanzati in Europa, abbiamo seguito una strada che si \u00e8 rivelata vincente. Ad oggi il termovalorizzatore si \u00e8 dimostrato ovunque il sistema pi\u00f9 affidabile e sicuro delle molte alternative possibili, non sar\u00e0 un caso che anche il sindaco di Roma, in campagna elettorale nettamente contrario all\u2019idea, sia poi stato costretto a tornare a Canossa sull\u2019onda della protesta popolare\u201d ha detto. \u201cL\u2019impianto di Acerra che ha dodici anni di et\u00e0 ha smaltito oltre dieci milioni di tonnellate di spazzatura e che io sappia non ha provocato problemi di salute a nessuno \u2013 aggiunge \u2013 Al momento non mi pare che siano superati, certo la tecnologia va per la sua strada, quando ci sar\u00e0 qualcosa di pi\u00f9 innovativo verr\u00e0 preso in considerazione\u201d. Parlando pi\u00f9 in particolare della politica attuata dal governatore Musumeci sul problema dei rifiuti, Bertolaso ha detto: \u201cMusumeci si \u00e8 impegnato a fondo nella riorganizzazione dei servizi, ha cercato di trovare soluzioni alternative a un problema storico della Sicilia. Ieri nel dibattito con Anci ho ricordato che gi\u00e0 nel 2003 mi sono dovuto occupare per esempio della discarica di Bellolampo. Credo che l\u2019idea del governatore siciliano di abbinare il potenziamento della differenziata, l\u2019economia circolare e i termovalorizzatori, sia la cosa da fare\u201d. \u201cUn p\u00f2 \u00e8 un problema culturale, un p\u00f2 incide anche altro. Sicuramente siamo un popolo di individualisti. Se si instaura un ciclo virtuoso seguiamo l\u2019inerzia, se la dobbiamo costruire \u00e8 gi\u00e0 pi\u00f9 complicato. Non \u00e8 un caso che anche in Sicilia chi differenzia di meno sta nelle citt\u00e0 pi\u00f9 grandi come Palermo, Catania, Messina e Siracusa\u201d ha concluso.<div id=\"div-gpt-ad-Messinaoggi.it-DSK-300x250-corpoart\" style=\"text-align:center;margin:0 auto;\"><\/div><\/p>\n<p>Photo credits: www.agenziafotogramma.it<div id=\"videoincontent\" style=\"clear:both\";><\/div><\/p>\n<\/div>\n","protected":false},"excerpt":{"rendered":"<p>MILANO (ITALPRESS) \u2013 \u201cAbbiamo vissuto stagioni e momenti complicati. Non dimentichiamo il Covid. Anch\u2019io ho dato una mano all\u2019inizio della pandemia in Sicilia. Credo che un giudizio sull\u2019operato di un presidente non possa essere slegato dal contesto e dalle condizioni in cui \u00e8 stato chiamato a operare. Musumeci ha governato con grande passione e nel [&hellip;]<\/p>\n","protected":false},"author":18,"featured_media":116354,"comment_status":"closed","ping_status":"closed","sticky":false,"template":"","format":"standard","meta":{"ub_ctt_via":"","_mi_skip_tracking":false},"categories":[11,2449],"tags":[783],"featured_image_src":"https:\/\/www.messinaoggi.it\/website\/wp-content\/uploads\/2022\/07\/20220730_0146.jpg","author_info":{"display_name":"Admin","author_link":"https:\/\/www.messinaoggi.it\/website\/author\/admin\/"},"digistream_id":0,"digistream":false,"_links":{"self":[{"href":"https:\/\/www.messinaoggi.it\/website\/wp-json\/wp\/v2\/posts\/116353"}],"collection":[{"href":"https:\/\/www.messinaoggi.it\/website\/wp-json\/wp\/v2\/posts"}],"about":[{"href":"https:\/\/www.messinaoggi.it\/website\/wp-json\/wp\/v2\/types\/post"}],"author":[{"embeddable":true,"href":"https:\/\/www.messinaoggi.it\/website\/wp-json\/wp\/v2\/users\/18"}],"replies":[{"embeddable":true,"href":"https:\/\/www.messinaoggi.it\/website\/wp-json\/wp\/v2\/comments?post=116353"}],"version-history":[{"count":1,"href":"https:\/\/www.messinaoggi.it\/website\/wp-json\/wp\/v2\/posts\/116353\/revisions"}],"predecessor-version":[{"id":116362,"href":"https:\/\/www.messinaoggi.it\/website\/wp-json\/wp\/v2\/posts\/116353\/revisions\/116362"}],"wp:featuredmedia":[{"embeddable":true,"href":"https:\/\/www.messinaoggi.it\/website\/wp-json\/wp\/v2\/media\/116354"}],"wp:attachment":[{"href":"https:\/\/www.messinaoggi.it\/website\/wp-json\/wp\/v2\/media?parent=116353"}],"wp:term":[{"taxonomy":"category","embeddable":true,"href":"https:\/\/www.messinaoggi.it\/website\/wp-json\/wp\/v2\/categories?post=116353"},{"taxonomy":"post_tag","embeddable":true,"href":"https:\/\/www.messinaoggi.it\/website\/wp-json\/wp\/v2\/tags?post=116353"}],"curies":[{"name":"wp","href":"https:\/\/api.w.org\/{rel}","templated":true}]}}