{"id":11632,"date":"2017-11-20T11:25:24","date_gmt":"2017-11-20T10:25:24","guid":{"rendered":"http:\/\/www.messinaoggi.it\/website\/?p=11632"},"modified":"2017-11-20T11:25:24","modified_gmt":"2017-11-20T10:25:24","slug":"garante-per-i-diritti-dellinfanzia-e-delladolescenza-messina-orfana-di-questa-figura","status":"publish","type":"post","link":"https:\/\/www.messinaoggi.it\/website\/2017\/11\/20\/garante-per-i-diritti-dellinfanzia-e-delladolescenza-messina-orfana-di-questa-figura\/","title":{"rendered":"Garante per i diritti dell&#039;infanzia e dell&#039;adolescenza, Messina orfana di questa figura"},"content":{"rendered":"<p style=\"text-align: justify\">L&#8217;Assemblea Generale delle Nazioni Unite il 20 novembre 1989 approv\u00f2 la Convenzione sui diritti del fanciullo. Oggi ricorre il 28\u00b0 anniversario e la citt\u00e0 di Messina dal 25 Luglio 2016 risulta scoperta della preziosa figura del <strong>\u201cGarante per i diritti dell\u2019infanzia e dell\u2019adolescenza\u201d<\/strong>. Il consigliere comunale <strong>Libero Gioveni<\/strong> insieme alla presidente della commissione servizi sociali <strong>Rita La Paglia<\/strong> e all\u2019intero <strong>organo consiliare<\/strong> in un ordine del giorno si \u00e8 fatto promotore in aula della nomina di questa figura istituzionale, prima rappresentata da <strong>Maria Baronello<\/strong>.<div id=\"div-gpt-ad-Messinaoggi.it-DSK-300x250-corpoart\" style=\"text-align:center;margin:0 auto;\"><\/div><\/p>\n<p style=\"text-align: justify\">L&#8217;esponente del gruppo Misto dichiara: &#8220;Parecchio importanti e pungenti si erano rivelate le relazioni della dimissionaria Maria Baronello in merito alla gestione generale dei minori nella nostra citt\u00e0. Diverse le criticit\u00e0 evidenziate nelle sue relazioni, per le quali non si pu\u00f2 ancora non esprimere preoccupazione per un decadimento sociale sempre pi\u00f9 vertiginoso della nostra citt\u00e0 rispetto al quale, quindi, si ha il dovere di intervenire&#8221;.<div id=\"videoincontent\" style=\"clear:both\";><\/div><\/p>\n<p style=\"text-align: justify\">Le criticit\u00e0 riguardano in particolare la ridotta presenza di professionalit\u00e0 nel settore; il comune di Messina, secondo i dati raccolti dal garante, non rispetta i parametri del trattato di Lisbona che aveva fissato al 33% la percentuale di bambini da zero a 3 anni a cui doveva essere garantita un&#8217;assistenza pubblica negli asili nido: su 8544 bambini in questa fascia d&#8217;et\u00e0 pi\u00f9 di 2800 dovevano essere ospitati nei nidi comunali e invece nei soli 3 asili nido presenti in citt\u00e0 (Camaro, San Licandro e Giostra a cui si aggiunger\u00e0 il micro nido di Palazzo Zanca) sono presenti solo 94 bambini, ossia appena l&#8217;1%; a tutto questo si aggiunge il numero insufficiente di CAG (Centro di Aggregazione Giovanile) nel territorio a fronte di 1 milione e 87.000 euro stanziati con i fondi TASI 2015 per il loro miglioramento e potenziamento.<\/p>\n<p style=\"text-align: justify\">&#8220;Insomma &#8211; conclude Gioveni \u2013 fra le tante emergenze di cui occuparsi ci sarebbe anche quella sociale relativa ai minori, non meno importante fra quelle su cui l&#8217;aula (a cui faccio appello) dovr\u00e0 pronunciarsi in questo scorcio di fine mandato&#8221;.<\/p>\n","protected":false},"excerpt":{"rendered":"<p>L&#8217;Assemblea Generale delle Nazioni Unite il 20 novembre 1989 approv\u00f2 la Convenzione sui diritti del fanciullo. Oggi ricorre il 28\u00b0 anniversario e la citt\u00e0 di Messina dal 25 Luglio 2016 risulta scoperta della preziosa figura del \u201cGarante per i diritti dell\u2019infanzia e dell\u2019adolescenza\u201d. Il consigliere comunale Libero Gioveni insieme alla presidente della commissione servizi sociali [&hellip;]<\/p>\n","protected":false},"author":8,"featured_media":11634,"comment_status":"closed","ping_status":"open","sticky":false,"template":"","format":"standard","meta":{"ub_ctt_via":"","_mi_skip_tracking":false},"categories":[4],"tags":[],"featured_image_src":"https:\/\/www.messinaoggi.it\/website\/wp-content\/uploads\/2017\/11\/garante-dellinfanzia-e-delladolescenza-1.jpg","author_info":{"display_name":"red..me","author_link":"https:\/\/www.messinaoggi.it\/website\/author\/redstage\/"},"digistream_id":0,"digistream":false,"_links":{"self":[{"href":"https:\/\/www.messinaoggi.it\/website\/wp-json\/wp\/v2\/posts\/11632"}],"collection":[{"href":"https:\/\/www.messinaoggi.it\/website\/wp-json\/wp\/v2\/posts"}],"about":[{"href":"https:\/\/www.messinaoggi.it\/website\/wp-json\/wp\/v2\/types\/post"}],"author":[{"embeddable":true,"href":"https:\/\/www.messinaoggi.it\/website\/wp-json\/wp\/v2\/users\/8"}],"replies":[{"embeddable":true,"href":"https:\/\/www.messinaoggi.it\/website\/wp-json\/wp\/v2\/comments?post=11632"}],"version-history":[{"count":0,"href":"https:\/\/www.messinaoggi.it\/website\/wp-json\/wp\/v2\/posts\/11632\/revisions"}],"wp:featuredmedia":[{"embeddable":true,"href":"https:\/\/www.messinaoggi.it\/website\/wp-json\/wp\/v2\/media\/11634"}],"wp:attachment":[{"href":"https:\/\/www.messinaoggi.it\/website\/wp-json\/wp\/v2\/media?parent=11632"}],"wp:term":[{"taxonomy":"category","embeddable":true,"href":"https:\/\/www.messinaoggi.it\/website\/wp-json\/wp\/v2\/categories?post=11632"},{"taxonomy":"post_tag","embeddable":true,"href":"https:\/\/www.messinaoggi.it\/website\/wp-json\/wp\/v2\/tags?post=11632"}],"curies":[{"name":"wp","href":"https:\/\/api.w.org\/{rel}","templated":true}]}}