{"id":116286,"date":"2022-07-29T16:03:11","date_gmt":"2022-07-29T14:03:11","guid":{"rendered":"https:\/\/www.messinaoggi.it\/website\/2022\/07\/29\/universita-palermo-14-milioni-per-il-nuovo-progetto-dellalleanza-europea-forthem\/"},"modified":"2022-07-29T17:39:17","modified_gmt":"2022-07-29T15:39:17","slug":"universita-palermo-14-milioni-per-il-nuovo-progetto-dellalleanza-europea-forthem","status":"publish","type":"post","link":"https:\/\/www.messinaoggi.it\/website\/2022\/07\/29\/universita-palermo-14-milioni-per-il-nuovo-progetto-dellalleanza-europea-forthem\/","title":{"rendered":"Universit\u00e0 Palermo, 14 milioni per il nuovo progetto dell\u2019Alleanza Europea \u201cForthem\u201d"},"content":{"rendered":"<div>\n<p>PALERMO (ITALPRESS) \u2013 La Commissione Europea approva e finanzia con 14,4 milioni di euro il nuovo progetto dell\u2019Universit\u00e0 degli Studi di Palermo, in partnership con gli Atenei di Mainz, Valencia, Borgogna, Riga, Opole, Jyvaskyla, Agder e Sibiu, per l\u2019istituzione dell\u2019Alleanza Europea denominata Forthem in materia di istruzione, ricerca, innovazione e terza missione.<br \/>Il progetto, della durata di quattro anni estendibili a sei, ha l\u2019obiettivo, si legge in una nota, di sviluppare la cooperazione nella ricerca e in nuove pratiche didattiche nonch\u00e8 di offrire servizi comuni agli studenti dei nove Atenei adottando una autonoma struttura di governo con i rappresentanti delle Universit\u00e0 partner e sviluppando cinque missioni specifiche: la costituzione del campus europeo, il potenziamento delle abilit\u00e0 e delle competenze, la ricerca, trasferimento tecnologico e innovazione, i servizi di terza missione alla societ\u00e0 e i laboratori multidisciplinari e di co-creazione tra i partner.<br \/>Dal 20 al 24 febbraio 2023 all\u2019Universit\u00e0 di Palermo si terr\u00e0 il kick-off meeting con le delegazioni di tutti gli Atenei partner del progetto.<br \/>\u201cCon l\u2019inizio del nuovo ciclo di Forthem il nostro Ateneo rafforza la sua proiezione internazionale rivestendo un ruolo da protagonista nel panorama europeo \u2013 dichiara il Rettore Massimo Midiri \u2013 Il progetto avr\u00e0 un impatto su una popolazione di circa 200 mila studenti ed oltre 30 mila unit\u00e0 di staff tra docenti e personale amministrativo, costruendo, al tempo stesso, un ponte con le rispettive comunit\u00e0 locali e un legame tra i paesi a cui appartengono le nove Universit\u00e0 partner in funzione di una sempre maggiore integrazione della nostra comunit\u00e0 universitaria nello spazio europeo dell\u2019Alta Formazione\u201d.<br \/>\u201cLo sviluppo dell\u2019alleanza europea rappresenta la naturale evoluzione dei nostri Atenei verso quel progetto di Universit\u00e0 europea iniziato diversi anni fa con il processo di Bologna \u2013 commenta il Prorettore alla Didattica e all\u2019Internazionalizzazione, Fabio Mazzola, che far\u00e0 parte dello Steering Committee dell\u2019Alleanza \u2013 Forthem potr\u00e0 costituire un importante stimolo per trasformare la struttura e le caratteristiche della nostra Universit\u00e0 anche attraverso la riduzione delle barriere alla mobilit\u00e0 tra paesi, il potenziamento di soluzioni green nella vita universitaria, il rafforzamento della Digital Academy nella missione European Campus, che sar\u00e0 coordinata dalla professoressa Sabine Hoffmann di UniPa, la definizione di titoli congiunti a livello europeo e la messa in rete dei network internazionali delle singole universit\u00e0 partner\u201d. <br \/>L\u2019Alleanza avr\u00e0 una struttura dedicata, il Forthem Office, costituito all\u2019interno del Servizio Speciale Internazionalizzazione (IRO) di UniPa di cui \u00e8 responsabile Valeria Floriano.<br \/>foto ufficio stampa Universit\u00e0 di Palermo <br \/>(ITALPRESS).<div id=\"div-gpt-ad-Messinaoggi.it-DSK-300x250-corpoart\" style=\"text-align:center;margin:0 auto;\"><\/div><\/p>\n<\/div>\n<div id=\"videoincontent\" style=\"clear:both\";><\/div>","protected":false},"excerpt":{"rendered":"<p>PALERMO (ITALPRESS) \u2013 La Commissione Europea approva e finanzia con 14,4 milioni di euro il nuovo progetto dell\u2019Universit\u00e0 degli Studi di Palermo, in partnership con gli Atenei di Mainz, Valencia, Borgogna, Riga, Opole, Jyvaskyla, Agder e Sibiu, per l\u2019istituzione dell\u2019Alleanza Europea denominata Forthem in materia di istruzione, ricerca, innovazione e terza missione.Il progetto, della durata [&hellip;]<\/p>\n","protected":false},"author":18,"featured_media":116287,"comment_status":"closed","ping_status":"closed","sticky":false,"template":"","format":"standard","meta":{"ub_ctt_via":"","_mi_skip_tracking":false},"categories":[7,2449],"tags":[783],"featured_image_src":"https:\/\/www.messinaoggi.it\/website\/wp-content\/uploads\/2022\/07\/20220729_1260.jpg","author_info":{"display_name":"Admin","author_link":"https:\/\/www.messinaoggi.it\/website\/author\/admin\/"},"digistream_id":0,"digistream":false,"_links":{"self":[{"href":"https:\/\/www.messinaoggi.it\/website\/wp-json\/wp\/v2\/posts\/116286"}],"collection":[{"href":"https:\/\/www.messinaoggi.it\/website\/wp-json\/wp\/v2\/posts"}],"about":[{"href":"https:\/\/www.messinaoggi.it\/website\/wp-json\/wp\/v2\/types\/post"}],"author":[{"embeddable":true,"href":"https:\/\/www.messinaoggi.it\/website\/wp-json\/wp\/v2\/users\/18"}],"replies":[{"embeddable":true,"href":"https:\/\/www.messinaoggi.it\/website\/wp-json\/wp\/v2\/comments?post=116286"}],"version-history":[{"count":1,"href":"https:\/\/www.messinaoggi.it\/website\/wp-json\/wp\/v2\/posts\/116286\/revisions"}],"predecessor-version":[{"id":116297,"href":"https:\/\/www.messinaoggi.it\/website\/wp-json\/wp\/v2\/posts\/116286\/revisions\/116297"}],"wp:featuredmedia":[{"embeddable":true,"href":"https:\/\/www.messinaoggi.it\/website\/wp-json\/wp\/v2\/media\/116287"}],"wp:attachment":[{"href":"https:\/\/www.messinaoggi.it\/website\/wp-json\/wp\/v2\/media?parent=116286"}],"wp:term":[{"taxonomy":"category","embeddable":true,"href":"https:\/\/www.messinaoggi.it\/website\/wp-json\/wp\/v2\/categories?post=116286"},{"taxonomy":"post_tag","embeddable":true,"href":"https:\/\/www.messinaoggi.it\/website\/wp-json\/wp\/v2\/tags?post=116286"}],"curies":[{"name":"wp","href":"https:\/\/api.w.org\/{rel}","templated":true}]}}