{"id":116157,"date":"2022-07-28T16:07:04","date_gmt":"2022-07-28T14:07:04","guid":{"rendered":"http:\/\/www.messinaoggi.it\/website\/?p=116157"},"modified":"2022-07-28T16:07:10","modified_gmt":"2022-07-28T14:07:10","slug":"germana-solo-salvini-ha-bloccato-i-migranti","status":"publish","type":"post","link":"https:\/\/www.messinaoggi.it\/website\/2022\/07\/28\/germana-solo-salvini-ha-bloccato-i-migranti\/","title":{"rendered":"German\u00e0: \u201cSolo Salvini ha bloccato i migranti\u201d"},"content":{"rendered":"\n<p>\u201cAncora uno sbarco, il secondo in pochi giorni. Domenica scorsa, a bordo, c\u2019erano 5 morti. Oggi, tra i 207 migranti, ci sono 36 minorenni. Non \u00e8 una difesa di bandiera, n\u00e9 di fare campagna elettorale: purtroppo la situazione \u00e8 fuori controllo a causa di un ministro dell\u2019Interno che \u00e8 stato sempre totalmente assente. Basta ricordare i numeri: con Salvini nel 2019 sono sbarcati 3589 migranti, con Lamorgese nel 2022, 37415. Va sottolineato che la politica dei porti chiusi vuol dire anche salvare vite umane, fattore che la retorica progressista finge spesso di dimenticare\u201d.<div id=\"div-gpt-ad-Messinaoggi.it-DSK-300x250-corpoart\" style=\"text-align:center;margin:0 auto;\"><\/div><\/p>\n\n\n\n<p>Lo dichiara, con una forte presa di posizione,  il deputato della Lega Nino German\u00e0.<div id=\"videoincontent\" style=\"clear:both\";><\/div><\/p>\n","protected":false},"excerpt":{"rendered":"<p>\u201cAncora uno sbarco, il secondo in pochi giorni. Domenica scorsa, a bordo, c\u2019erano 5 morti. Oggi, tra i 207 migranti, ci sono 36 minorenni. Non \u00e8 una difesa di bandiera, n\u00e9 di fare campagna elettorale: purtroppo la situazione \u00e8 fuori controllo a causa di un ministro dell\u2019Interno che \u00e8 stato sempre totalmente assente. Basta ricordare [&hellip;]<\/p>\n","protected":false},"author":2,"featured_media":61090,"comment_status":"open","ping_status":"open","sticky":false,"template":"","format":"standard","meta":{"ub_ctt_via":"","_mi_skip_tracking":false},"categories":[19],"tags":[1035,1082,3506],"featured_image_src":"https:\/\/www.messinaoggi.it\/website\/wp-content\/uploads\/2021\/04\/3022851C-A5E9-4B3C-A4C6-AD49F43EBEBC.jpeg","author_info":{"display_name":"Redazione","author_link":"https:\/\/www.messinaoggi.it\/website\/author\/redazione\/"},"digistream_id":0,"digistream":false,"_links":{"self":[{"href":"https:\/\/www.messinaoggi.it\/website\/wp-json\/wp\/v2\/posts\/116157"}],"collection":[{"href":"https:\/\/www.messinaoggi.it\/website\/wp-json\/wp\/v2\/posts"}],"about":[{"href":"https:\/\/www.messinaoggi.it\/website\/wp-json\/wp\/v2\/types\/post"}],"author":[{"embeddable":true,"href":"https:\/\/www.messinaoggi.it\/website\/wp-json\/wp\/v2\/users\/2"}],"replies":[{"embeddable":true,"href":"https:\/\/www.messinaoggi.it\/website\/wp-json\/wp\/v2\/comments?post=116157"}],"version-history":[{"count":1,"href":"https:\/\/www.messinaoggi.it\/website\/wp-json\/wp\/v2\/posts\/116157\/revisions"}],"predecessor-version":[{"id":116158,"href":"https:\/\/www.messinaoggi.it\/website\/wp-json\/wp\/v2\/posts\/116157\/revisions\/116158"}],"wp:featuredmedia":[{"embeddable":true,"href":"https:\/\/www.messinaoggi.it\/website\/wp-json\/wp\/v2\/media\/61090"}],"wp:attachment":[{"href":"https:\/\/www.messinaoggi.it\/website\/wp-json\/wp\/v2\/media?parent=116157"}],"wp:term":[{"taxonomy":"category","embeddable":true,"href":"https:\/\/www.messinaoggi.it\/website\/wp-json\/wp\/v2\/categories?post=116157"},{"taxonomy":"post_tag","embeddable":true,"href":"https:\/\/www.messinaoggi.it\/website\/wp-json\/wp\/v2\/tags?post=116157"}],"curies":[{"name":"wp","href":"https:\/\/api.w.org\/{rel}","templated":true}]}}