{"id":116115,"date":"2022-07-28T12:32:52","date_gmt":"2022-07-28T10:32:52","guid":{"rendered":"https:\/\/www.messinaoggi.it\/website\/2022\/07\/28\/dalla-camera-ok-allinsularita-musumeci-e-armao-vittoria-per-isolani\/"},"modified":"2022-07-28T12:32:52","modified_gmt":"2022-07-28T10:32:52","slug":"dalla-camera-ok-allinsularita-musumeci-e-armao-vittoria-per-isolani","status":"publish","type":"post","link":"https:\/\/www.messinaoggi.it\/website\/2022\/07\/28\/dalla-camera-ok-allinsularita-musumeci-e-armao-vittoria-per-isolani\/","title":{"rendered":"Dalla Camera ok all\u2019Insularit\u00e0, Musumeci e Armao \u201cVittoria per isolani\u201d"},"content":{"rendered":"<div>\n<p>ROMA (ITALPRESS) \u2013 Con 412 voti favorevoli, l\u2019Aula della Camera ha espresso un s\u00ec unanime e definitivo alla modifica all\u2019articolo 119 della Costituzione, concernente il riconoscimento delle peculiarit\u00e0 delle Isole e il superamento degli svantaggi derivanti dall\u2019insularit\u00e0.<br \/>\u00abSuperare gli svantaggi derivanti dall\u2019insularit\u00e0 diventano, da oggi, un impegno preciso per lo Stato, consacrato nella Costituzione. E\u2019 una vittoria per tutti gli isolani d\u2019Italia\u00bb. dichiara il presidente della Regione Siciliana, Nello Musumeci.<br \/>\u00abContinueremo a lavorare, in sinergia con Bruxelles e Roma, affinch\u00e8 vivere su un\u2019isola non sia pi\u00f9 una maledizione o un problema, ma una straordinaria opportunit\u00e0, in termini di dotazione infrastrutturale, servizi essenziali e qualit\u00e0 della vita. Voglio ringraziare il vicepresidente Gaetano Armao per avere sempre creduto a questo obiettivo e per averlo perseguito, per conto del governo regionale, con passione e tenacia\u00bb.<br \/>\u201cCon la votazione odierna sulla modifica dell\u2019articolo 119 della Costituzione, \u2018La Repubblica riconosce le peculiarit\u00e0 delle Isole e promuove le misure necessarie a rimuovere gli svantaggi derivanti dall\u2019insularit\u00e0\u2019, si ottiene il riconoscimento costituzionale degli svantaggi derivanti dall\u2019insularit\u00e0, la battaglia vinta da Siciliani e Sardi in Italia come in Europa\u201d. Afferma Gaetano Armao, vicepresidente e assessore all\u2019Economia della Regione Siciliana. <br \/>\u201cLa Sardegna \u00e8 oggi pi\u00f9 forte e capace far valere diritti troppo a lungo negati, per avere giuste compensazioni degli svantaggi che la condizione insulare comporta. Dopo il riconoscimento dell\u2019Europarlamento che ha votato la risoluzione Omarjee per i diritti delle Isole, frutto del lavoro della Regione Sarda, e ora sul piano nazionale con l\u2019inserimento dell\u2019insularit\u00e0 in Costituzione, siamo ancora pi\u00f9 determinati nell\u2019intento di tenere alto il nostro impegno per restituire alla nostra Isola, alla sua economia, ad ogni cittadino ci\u00f2 che fino ad oggi \u00e8 stato negato\u201d. ha aggiunto il presidente della Regione Sardegna, Christian Solinas<div id=\"div-gpt-ad-Messinaoggi.it-DSK-300x250-corpoart\" style=\"text-align:center;margin:0 auto;\"><\/div><\/p>\n<p>\u2013 foto: xb1<div id=\"videoincontent\" style=\"clear:both\";><\/div><\/p>\n<p>(ITALPRESS).<\/p>\n<\/div>\n","protected":false},"excerpt":{"rendered":"<p>ROMA (ITALPRESS) \u2013 Con 412 voti favorevoli, l\u2019Aula della Camera ha espresso un s\u00ec unanime e definitivo alla modifica all\u2019articolo 119 della Costituzione, concernente il riconoscimento delle peculiarit\u00e0 delle Isole e il superamento degli svantaggi derivanti dall\u2019insularit\u00e0.\u00abSuperare gli svantaggi derivanti dall\u2019insularit\u00e0 diventano, da oggi, un impegno preciso per lo Stato, consacrato nella Costituzione. E\u2019 una [&hellip;]<\/p>\n","protected":false},"author":18,"featured_media":116116,"comment_status":"closed","ping_status":"closed","sticky":false,"template":"","format":"standard","meta":{"ub_ctt_via":"","_mi_skip_tracking":false},"categories":[2449],"tags":[783],"featured_image_src":"https:\/\/www.messinaoggi.it\/website\/wp-content\/uploads\/2022\/07\/20220728_0450.jpg","author_info":{"display_name":"Admin","author_link":"https:\/\/www.messinaoggi.it\/website\/author\/admin\/"},"digistream_id":0,"digistream":false,"_links":{"self":[{"href":"https:\/\/www.messinaoggi.it\/website\/wp-json\/wp\/v2\/posts\/116115"}],"collection":[{"href":"https:\/\/www.messinaoggi.it\/website\/wp-json\/wp\/v2\/posts"}],"about":[{"href":"https:\/\/www.messinaoggi.it\/website\/wp-json\/wp\/v2\/types\/post"}],"author":[{"embeddable":true,"href":"https:\/\/www.messinaoggi.it\/website\/wp-json\/wp\/v2\/users\/18"}],"replies":[{"embeddable":true,"href":"https:\/\/www.messinaoggi.it\/website\/wp-json\/wp\/v2\/comments?post=116115"}],"version-history":[{"count":0,"href":"https:\/\/www.messinaoggi.it\/website\/wp-json\/wp\/v2\/posts\/116115\/revisions"}],"wp:featuredmedia":[{"embeddable":true,"href":"https:\/\/www.messinaoggi.it\/website\/wp-json\/wp\/v2\/media\/116116"}],"wp:attachment":[{"href":"https:\/\/www.messinaoggi.it\/website\/wp-json\/wp\/v2\/media?parent=116115"}],"wp:term":[{"taxonomy":"category","embeddable":true,"href":"https:\/\/www.messinaoggi.it\/website\/wp-json\/wp\/v2\/categories?post=116115"},{"taxonomy":"post_tag","embeddable":true,"href":"https:\/\/www.messinaoggi.it\/website\/wp-json\/wp\/v2\/tags?post=116115"}],"curies":[{"name":"wp","href":"https:\/\/api.w.org\/{rel}","templated":true}]}}