{"id":116113,"date":"2022-07-28T12:17:51","date_gmt":"2022-07-28T10:17:51","guid":{"rendered":"https:\/\/www.messinaoggi.it\/website\/2022\/07\/28\/rettore-unipa-incontra-neolaureato-magistrale-di-99-anni\/"},"modified":"2022-07-28T12:17:51","modified_gmt":"2022-07-28T10:17:51","slug":"rettore-unipa-incontra-neolaureato-magistrale-di-99-anni","status":"publish","type":"post","link":"https:\/\/www.messinaoggi.it\/website\/2022\/07\/28\/rettore-unipa-incontra-neolaureato-magistrale-di-99-anni\/","title":{"rendered":"Rettore UniPa incontra neolaureato magistrale di 99 anni"},"content":{"rendered":"<div>\n<p>PALERMO (ITALPRESS) \u2013 Novantanove anni e non sentirli. Giuseppe Patern\u00f2 li compir\u00e0 il 10 settembre ed \u00e8 il laureato pi\u00f9 anziano d\u2019Italia, proclamato dottore magistrale la settimana scorsa in Scienze Filosofiche all\u2019Universit\u00e0 degli Studi di Palermo. Un percorso accademico iniziato alla veneranda et\u00e0 di 94 anni, quando l\u2019ex dipendente delle Ferrovie di Stato ha messo piede per la prima volta in Viale delle Scienze, temendo di sentirsi fuori posto e ricevendo invece una calorosa accoglienza dagli altri studenti. Da l\u00ec in avanti, era il 2017, un cammino brillante a Unipa, prima con la laurea triennale nel 2020 in Storia e Filosofia, quindi, perfettamente in linea con le tempistiche, \u00e8 arrivata la laurea magistrale nel luglio del 2022, 110 e lode con la tesi \u201cLocke, Kierkegaard, Heidegger e le loro visioni sul cristianesimo\u201d. Un percorso che \u00e8 esempio di perseveranza, ambizione, voglia di mettersi in discussione, e che dimostra una lucidit\u00e0 invidiabile. Il traguardo di Giuseppe Patern\u00f2 non poteva non essere celebrato dall\u2019ateneo palermitano, e stamattina il neolaureato bis \u00e8 stato ricevuto dal Rettore Massimo Midiri nella sede centrale di Palazzo Steri. Midiri ha accolto il classe 1923 e ne ha celebrato il meraviglioso risultato raggiunto, che d\u00e0 ulteriore lustro a Unipa. <br \/>Il rettore ha consegnato allo speciale studente un volume sulle bellezze di Palazzo Steri, in cambio ha ricevuto in dono un libro scritto proprio da Patern\u00f2 negli ultimi mesi, \u201cLa bellezza dell\u2019anima\u201d, una raccolta di racconti e poesie che riguardano il suo percorso universitario e vecchi aneddoti di una vita quasi centenaria, nella quale la doppia laurea conseguita non \u00e8, come si potrebbe pensare, un definitivo punto di arrivo \u201cIl prossimo passo \u00e8 stare a casa e studiare, di frequentare altri corsi non ne parliamo pi\u00f9, ora mi sto occupando di scrivere dei libri. Il mio metodo \u00e8 stato studiare dieci ore al giorno, con regolarit\u00e0 assoluta. Si parte di mattina, poi pranzo e un riposino, quindi si riprende fino a mezzanotte \u2013 ha raccontato ai cronisti \u2013 E anche in questi giorni continuo a studiare e sto rileggendo un mio libro gi\u00e0 pronto su Papa Gregorio Magno\u201d. <br \/>Il signor Giuseppe \u00e8 finito sui giornali di tutto il mondo, anche sul New York Times, e una donna del Sudamerica gli invia regolarmente delle lettere: \u201cTutta questa partecipazione non me l\u2019aspettavo, una cosa davvero eccezionale \u2013 ha raccontato con emozione \u2013 Sar\u00e0 per l\u2019et\u00e0, spero che tutti possano giungere alla mia et\u00e0 con questa lucidit\u00e0\u201d. Il suo segreto risiede anche nell\u2019alimentazione: \u201cFin dall\u2019inizio della mia vita il latte non \u00e8 mai mancato, poca carne e il resto nella misura giusta. Lo studio \u00e8 il cibo della mente\u201d. Il neolaureato bis lancia dunque un messaggio ai giovani che troppo spesso abbandonano gli studi: \u201cIl messaggio ai giovani \u00e8 di perseguire nello studio, quando ci sono difficolt\u00e0 non arrendetevi mai \u2013 ha concluso \u2013 Anche io ho trovato le mie difficolt\u00e0, ai giovani dico di perseverare, vedrete che i frutti arriveranno\u201d. <br \/>Orgoglioso il rettore dell\u2019ateneo Massimo Midiri, che ha sottolineato il valore della trasversalit\u00e0 per l\u2019Universit\u00e0 degli Studi di Palermo: \u201cOggi abbiamo avuto il piacere di conoscere questo nostro laureato eccellente. Un secolo di vita, una capacit\u00e0 di dare dei messaggi alla comunit\u00e0 pi\u00f9 giovane molto importante. Il nostro \u2018giovane di test\u00e0 Giuseppe Patern\u00f2 ha detto bene che la cultura non ha tempo e che \u00e8 lo strumento per restare in vita, i nostri adolescenti devono comprendere che restare in ambiente universitario d\u00e0 loro futuro. L\u2019idea che si debba far tutto in un\u2019et\u00e0 tra i 18 e i 24 anni non \u00e8 per forza detto \u2013 ha aggiunto il rettore \u2013 Oggi il mondo dell\u2019Universit\u00e0 deve adattarsi a situazioni nuove. Siamo a un estremo oggi evidentemente, ma dobbiamo aprirci anche a chi non ha potuto laurearsi nei tempi canonici. Dobbiamo offrire loro la possibilit\u00e0 di farlo \u2013 ha concluso \u2013 e quello di oggi \u00e8 un esempio in tal senso\u201d.<div id=\"div-gpt-ad-Messinaoggi.it-DSK-300x250-corpoart\" style=\"text-align:center;margin:0 auto;\"><\/div><\/p>\n<p>\u2013 foto: xd7 <div id=\"videoincontent\" style=\"clear:both\";><\/div><\/p>\n<p>(ITALPRESS).<\/p>\n<\/div>\n","protected":false},"excerpt":{"rendered":"<p>PALERMO (ITALPRESS) \u2013 Novantanove anni e non sentirli. Giuseppe Patern\u00f2 li compir\u00e0 il 10 settembre ed \u00e8 il laureato pi\u00f9 anziano d\u2019Italia, proclamato dottore magistrale la settimana scorsa in Scienze Filosofiche all\u2019Universit\u00e0 degli Studi di Palermo. Un percorso accademico iniziato alla veneranda et\u00e0 di 94 anni, quando l\u2019ex dipendente delle Ferrovie di Stato ha messo [&hellip;]<\/p>\n","protected":false},"author":18,"featured_media":116114,"comment_status":"closed","ping_status":"closed","sticky":false,"template":"","format":"standard","meta":{"ub_ctt_via":"","_mi_skip_tracking":false},"categories":[2449],"tags":[783],"featured_image_src":"https:\/\/www.messinaoggi.it\/website\/wp-content\/uploads\/2022\/07\/20220728_0410.jpg","author_info":{"display_name":"Admin","author_link":"https:\/\/www.messinaoggi.it\/website\/author\/admin\/"},"digistream_id":0,"digistream":false,"_links":{"self":[{"href":"https:\/\/www.messinaoggi.it\/website\/wp-json\/wp\/v2\/posts\/116113"}],"collection":[{"href":"https:\/\/www.messinaoggi.it\/website\/wp-json\/wp\/v2\/posts"}],"about":[{"href":"https:\/\/www.messinaoggi.it\/website\/wp-json\/wp\/v2\/types\/post"}],"author":[{"embeddable":true,"href":"https:\/\/www.messinaoggi.it\/website\/wp-json\/wp\/v2\/users\/18"}],"replies":[{"embeddable":true,"href":"https:\/\/www.messinaoggi.it\/website\/wp-json\/wp\/v2\/comments?post=116113"}],"version-history":[{"count":0,"href":"https:\/\/www.messinaoggi.it\/website\/wp-json\/wp\/v2\/posts\/116113\/revisions"}],"wp:featuredmedia":[{"embeddable":true,"href":"https:\/\/www.messinaoggi.it\/website\/wp-json\/wp\/v2\/media\/116114"}],"wp:attachment":[{"href":"https:\/\/www.messinaoggi.it\/website\/wp-json\/wp\/v2\/media?parent=116113"}],"wp:term":[{"taxonomy":"category","embeddable":true,"href":"https:\/\/www.messinaoggi.it\/website\/wp-json\/wp\/v2\/categories?post=116113"},{"taxonomy":"post_tag","embeddable":true,"href":"https:\/\/www.messinaoggi.it\/website\/wp-json\/wp\/v2\/tags?post=116113"}],"curies":[{"name":"wp","href":"https:\/\/api.w.org\/{rel}","templated":true}]}}