{"id":116027,"date":"2022-07-27T18:55:22","date_gmt":"2022-07-27T16:55:22","guid":{"rendered":"http:\/\/www.messinaoggi.it\/website\/?p=116027"},"modified":"2022-07-27T18:55:24","modified_gmt":"2022-07-27T16:55:24","slug":"protezione-civile-diramata-allerta-su-messina","status":"publish","type":"post","link":"https:\/\/www.messinaoggi.it\/website\/2022\/07\/27\/protezione-civile-diramata-allerta-su-messina\/","title":{"rendered":"Protezione civile, diramata allerta su Messina"},"content":{"rendered":"\n<p>La protezione civile della Sicilia ha diramato un nuovo bollettino, valevole dalla mezzanotte del 28 luglio e per le successive 24 ore, per rischio incendi e ondate di calore. In particolare per tutte le nove province si prevede un rischio incendi dalla &#8220;pericolosit\u00e0 media&#8221; e un livello di &#8220;preallerta&#8221; di colore arancione. Per le ondate di calore c&#8217;\u00e8 un livello di attenzione &#8220;3&#8221; (rosso) per le citt\u00e0 di Catania e Palermo con temperature percepite, rispettivamente, di 38 e 36 gradi per la giornata di domani e per il giorno 29 luglio di 38 e 37 gradi.<div id=\"div-gpt-ad-Messinaoggi.it-DSK-300x250-corpoart\" style=\"text-align:center;margin:0 auto;\"><\/div><\/p>\n\n\n\n<p> Per\u00a0<strong>MESSINA<\/strong>, invece, il livello di attenzione \u00e8 pari a &#8220;1&#8221; (giallo) con temperature percepite, in entrambi i giorni, pari a 35 gradi.\u00a0<div id=\"videoincontent\" style=\"clear:both\";><\/div><\/p>\n","protected":false},"excerpt":{"rendered":"<p>La protezione civile della Sicilia ha diramato un nuovo bollettino, valevole dalla mezzanotte del 28 luglio e per le successive 24 ore, per rischio incendi e ondate di calore. In particolare per tutte le nove province si prevede un rischio incendi dalla &#8220;pericolosit\u00e0 media&#8221; e un livello di &#8220;preallerta&#8221; di colore arancione. Per le ondate [&hellip;]<\/p>\n","protected":false},"author":2,"featured_media":7020,"comment_status":"open","ping_status":"open","sticky":false,"template":"","format":"standard","meta":{"ub_ctt_via":"","_mi_skip_tracking":false},"categories":[19],"tags":[807,1494,2134,4848,2851],"featured_image_src":"https:\/\/www.messinaoggi.it\/website\/wp-content\/uploads\/2017\/08\/meteo-aumento-temperature-2.jpg","author_info":{"display_name":"Redazione","author_link":"https:\/\/www.messinaoggi.it\/website\/author\/redazione\/"},"digistream_id":0,"digistream":false,"_links":{"self":[{"href":"https:\/\/www.messinaoggi.it\/website\/wp-json\/wp\/v2\/posts\/116027"}],"collection":[{"href":"https:\/\/www.messinaoggi.it\/website\/wp-json\/wp\/v2\/posts"}],"about":[{"href":"https:\/\/www.messinaoggi.it\/website\/wp-json\/wp\/v2\/types\/post"}],"author":[{"embeddable":true,"href":"https:\/\/www.messinaoggi.it\/website\/wp-json\/wp\/v2\/users\/2"}],"replies":[{"embeddable":true,"href":"https:\/\/www.messinaoggi.it\/website\/wp-json\/wp\/v2\/comments?post=116027"}],"version-history":[{"count":1,"href":"https:\/\/www.messinaoggi.it\/website\/wp-json\/wp\/v2\/posts\/116027\/revisions"}],"predecessor-version":[{"id":116028,"href":"https:\/\/www.messinaoggi.it\/website\/wp-json\/wp\/v2\/posts\/116027\/revisions\/116028"}],"wp:featuredmedia":[{"embeddable":true,"href":"https:\/\/www.messinaoggi.it\/website\/wp-json\/wp\/v2\/media\/7020"}],"wp:attachment":[{"href":"https:\/\/www.messinaoggi.it\/website\/wp-json\/wp\/v2\/media?parent=116027"}],"wp:term":[{"taxonomy":"category","embeddable":true,"href":"https:\/\/www.messinaoggi.it\/website\/wp-json\/wp\/v2\/categories?post=116027"},{"taxonomy":"post_tag","embeddable":true,"href":"https:\/\/www.messinaoggi.it\/website\/wp-json\/wp\/v2\/tags?post=116027"}],"curies":[{"name":"wp","href":"https:\/\/api.w.org\/{rel}","templated":true}]}}