{"id":116019,"date":"2022-07-27T17:47:58","date_gmt":"2022-07-27T15:47:58","guid":{"rendered":"https:\/\/www.messinaoggi.it\/website\/2022\/07\/27\/alessandria-della-rocca-pecoraro-scanio-riceve-cittadinanza-onoraria\/"},"modified":"2022-07-27T17:47:58","modified_gmt":"2022-07-27T15:47:58","slug":"alessandria-della-rocca-pecoraro-scanio-riceve-cittadinanza-onoraria","status":"publish","type":"post","link":"https:\/\/www.messinaoggi.it\/website\/2022\/07\/27\/alessandria-della-rocca-pecoraro-scanio-riceve-cittadinanza-onoraria\/","title":{"rendered":"Alessandria della Rocca, Pecoraro Scanio riceve cittadinanza onoraria"},"content":{"rendered":"<div>\n<p>ALESSANDRIA DELLA ROCCA (AGRIGENTO) (ITALPRESS) \u2013 L\u2019ex ministro e presidente della Fondazione UniVerde, Alfonso Pecoraro Scanio, ha ricevuto la cittadinanza onoraria dal Comune di Alessandria della Rocca, in provincia di Agrigento. La cerimonia si \u00e8 svolta alla presenza di centinaia di cittadini e sindaci, amministratori, dipendenti e produttori agricoli e artigianali.<br \/>\u201cSono molto onorato e contento \u2013 commenta Pecoraro Scanio -. E\u2019 la terra di mio nonno, partito da qui molto giovane per realizzare una carriera di grande dignit\u00e0 e rigore al servizio dello Stato italiano. Mio nonno Alfonso \u00e8 sempre stato un\u2019ispirazione per la seriet\u00e0 e il rigore che ha messo nella propria vita personale, politica e professionale. In particolare mi sento legato a tutte le aree interne che hanno bisogno di sostegno e che sono fondamentali per salvaguardare i territori e le tradizioni, perch\u00e8 lo stesso dissesto idrogeologico \u00e8 figlio dello spopolamento non contrastato che porta degrado. Dovremmo continuare ogni azione utile anche attraverso la transizione EcoDigital per consentire, attraverso una buona digitalizzazione delle aree interne, il ritorno di attivit\u00e0 e di giovani a lavorare e vivere nei bellissimi luoghi di collina e di montagna della Sicilia e di tutta l\u2019Italia\u201d.<br \/>\u201cPer noi \u00e8 un onore conferire la Cittadinanza Onoraria ad Alfonso Pecoraro Scanio, di radici alessandrine \u2013 sottolinea la sindaca di Alessandria della Rocca, Giovanna Bubello -, soprattutto in considerazione del grande aiuto che ha dato a questa comunit\u00e0 sui temi della sostenibilit\u00e0, delle zone franche montane, del ripristino di una viabilit\u00e0 dignitosa, del turismo delle radici e del tema dell\u2019acqua pubblica\u201d.<br \/>Il sindaco di Agrigento, Francesco Miccich\u00e8, ha riconosciuto in Pecoraro Scanio \u201cuno dei primi esponenti nazionali a sostenere la candidatura di Agrigento a Capitale della Cultura 2025, anche presenziando all\u2019evento per i 155 anni dalla nascita di Luigi Pirandello. E\u2019 importante avere al fianco delle nostre comunit\u00e0 una prestigiosa personalit\u00e0 come Pecoraro Scanio, gi\u00e0 ministro dell\u2019Agricoltura e dell\u2019Ambiente, per rilanciare la Sicilia meridionale\u201d.<br \/>Alla cerimonia di conferimento della Cittadinanza Onoraria, che si \u00e8 svolta al Chiostro della Biblioteca Comunale \u201cFalcone-Borsellino\u201d, sono inoltre intervenuti Nen\u00e8 Mangiacavallo del Polo universitario di Agrigento; Peppe De Sanctis in rappresentanza del parco mondiale della dieta Mediterranea; Raffaele Sanzo, commissario dell\u2019ex Provincia Regionale di Agrigento; la dirigente scolastica, Maria Rosaria Provenzano; la deputata all\u2019Assemblea regionale siciliana, Margherita La Rocca Ruvolo; il senatore, Rino Marinello; il Parroco Don Salvo Centinaro; il Pastore della Chiesa Evangelica di Alessandria della Rocca, Biagio Calderone; sindaci e amministratori del territorio: Francesco Cacciatore (Santo Stefano Quisquina); Francesco Martorana (Cianciana); Milko Cin\u00e0 (Bivona); Salvatore Dazzo (Lucca Sicula); il presidente del Consiglio comunale di Burgio e dirigente scolastico, Vito Ferrandelli; insieme a Adele Falcetta di Italia Nostra; il presidente della consulta giovanile, Elisa Cavaleri; i volontari dell\u2019associazione Pi Greco; oltre a rappresentanti di associazioni di categoria, rappresentanti dei sindacati, produttori di aziende agricole locali.<br \/>foto ufficio stampa Pecoraro Scanio<br \/>(ITALPRESS).<div id=\"div-gpt-ad-Messinaoggi.it-DSK-300x250-corpoart\" style=\"text-align:center;margin:0 auto;\"><\/div><\/p>\n<\/div>\n<div id=\"videoincontent\" style=\"clear:both\";><\/div>","protected":false},"excerpt":{"rendered":"<p>ALESSANDRIA DELLA ROCCA (AGRIGENTO) (ITALPRESS) \u2013 L\u2019ex ministro e presidente della Fondazione UniVerde, Alfonso Pecoraro Scanio, ha ricevuto la cittadinanza onoraria dal Comune di Alessandria della Rocca, in provincia di Agrigento. La cerimonia si \u00e8 svolta alla presenza di centinaia di cittadini e sindaci, amministratori, dipendenti e produttori agricoli e artigianali.\u201cSono molto onorato e contento [&hellip;]<\/p>\n","protected":false},"author":18,"featured_media":116020,"comment_status":"closed","ping_status":"closed","sticky":false,"template":"","format":"standard","meta":{"ub_ctt_via":"","_mi_skip_tracking":false},"categories":[2449],"tags":[783],"featured_image_src":"https:\/\/www.messinaoggi.it\/website\/wp-content\/uploads\/2022\/07\/20220727_2276.jpg","author_info":{"display_name":"Admin","author_link":"https:\/\/www.messinaoggi.it\/website\/author\/admin\/"},"digistream_id":0,"digistream":false,"_links":{"self":[{"href":"https:\/\/www.messinaoggi.it\/website\/wp-json\/wp\/v2\/posts\/116019"}],"collection":[{"href":"https:\/\/www.messinaoggi.it\/website\/wp-json\/wp\/v2\/posts"}],"about":[{"href":"https:\/\/www.messinaoggi.it\/website\/wp-json\/wp\/v2\/types\/post"}],"author":[{"embeddable":true,"href":"https:\/\/www.messinaoggi.it\/website\/wp-json\/wp\/v2\/users\/18"}],"replies":[{"embeddable":true,"href":"https:\/\/www.messinaoggi.it\/website\/wp-json\/wp\/v2\/comments?post=116019"}],"version-history":[{"count":0,"href":"https:\/\/www.messinaoggi.it\/website\/wp-json\/wp\/v2\/posts\/116019\/revisions"}],"wp:featuredmedia":[{"embeddable":true,"href":"https:\/\/www.messinaoggi.it\/website\/wp-json\/wp\/v2\/media\/116020"}],"wp:attachment":[{"href":"https:\/\/www.messinaoggi.it\/website\/wp-json\/wp\/v2\/media?parent=116019"}],"wp:term":[{"taxonomy":"category","embeddable":true,"href":"https:\/\/www.messinaoggi.it\/website\/wp-json\/wp\/v2\/categories?post=116019"},{"taxonomy":"post_tag","embeddable":true,"href":"https:\/\/www.messinaoggi.it\/website\/wp-json\/wp\/v2\/tags?post=116019"}],"curies":[{"name":"wp","href":"https:\/\/api.w.org\/{rel}","templated":true}]}}