{"id":115935,"date":"2022-07-27T08:31:22","date_gmt":"2022-07-27T06:31:22","guid":{"rendered":"http:\/\/www.messinaoggi.it\/website\/?p=115935"},"modified":"2022-07-27T08:31:23","modified_gmt":"2022-07-27T06:31:23","slug":"tutto-pronto-per-gioiosa-gustosa-si-parte-venerdi","status":"publish","type":"post","link":"https:\/\/www.messinaoggi.it\/website\/2022\/07\/27\/tutto-pronto-per-gioiosa-gustosa-si-parte-venerdi\/","title":{"rendered":"Tutto pronto per &#8220;Gioiosa Gustosa&#8221;: si parte venerd\u00ec"},"content":{"rendered":"\n<p>La Gioiosa delle squisitezze alimentari far\u00e0 viaggiare i suoi \u201cpasseggeri\u201d e i suoi ammiratori accanto alle aziende eccellenti del territorio per tre giorni colmi di iniziative. \u00c8 tutto pronto per <strong>\u201cGioiosa Gustosa\u201d<\/strong>, iniziativa che si terr\u00e0 a Gioiosa Marea dal venerd\u00ec 29 a domenica 31 luglio dalle 19 alle 24.<div id=\"div-gpt-ad-Messinaoggi.it-DSK-300x250-corpoart\" style=\"text-align:center;margin:0 auto;\"><\/div><\/p>\n\n\n\n<p>L&#8217;iniziativa sar\u00e0 l&#8217;occasione per assaporare le tipicit\u00e0 della cucina del territorio regionale ma anche lo \u201cstreet food\u201d e i prodotti da tutelare che sono gi\u00e0 Presidio Slow Food, soddisfacendo anche qualche peccato di gola che, in certi casi, fa solo bene all\u2019umore. <div id=\"videoincontent\" style=\"clear:both\";><\/div><\/p>\n\n\n\n<p>L\u2019accreditata rassegna, ideata e curata dall\u2019<strong>Associazione \u201cGioiosa Gustosa\u201d<\/strong>, arriva quest\u2019anno alla sua IX Edizione e ha il patrocinio del Comune di Gioiosa Marea e della Regione Siciliana con i due Assessorati all\u2019Agricoltura e al Turismo, Sport e Spettacolo. Per tre sere consecutive, con la partnership di Cna Sicilia (che promuove i suoi imprenditori di chiara garanzia e autorevolezza professionale), Slow Food Valdemone e Pro Loco Gioiosa Marea, pi\u00f9 di cinquanta aziende del settore agroalimentare e dell\u2019artigianato avranno l\u2019opportunit\u00e0 di esporre le loro produzioni (dal pane al dolce, dalla pasta agli insaccati e alle conserve) e potranno accogliere i visitatori, farsi conoscere e mostrare attraverso il loro operato spicchi e angoli della Sicilia autentica, creativa e volenterosa. <\/p>\n\n\n\n<p>Il panorama di arti pittoriche e grafiche inonder\u00e0 con <strong>mostre di quadri e fotografie<\/strong> le stesse strade della cittadina durante la kermesse e sar\u00e0 contornato da alcuni <strong>momenti di riflessione di Domenico Targia &#8211; funzionario regionale ed architetto che metter\u00e0 a disposizione la sua preparazione in beni culturali<\/strong>, nell\u2019arco della tre giorni. Inoltre, grazie ad un Protocollo d\u2019Intesa siglato tra la Cna Agroalimentare Sicilia e gli organizzatori, la Confederazione si \u00e8 presa carico dell\u2019allestimento del Convegno \u201cGrani Antichi Siciliani\u201d che si svolger\u00e0 all\u2019interno della manifestazione sabato 30 luglio a partire dalle 18, a piazza Mercato e che avr\u00e0 il preciso compito di valorizzare la Filiera Pastaria e Panaria Siciliana, grazie alla presenza di dirigenti della Cna ed esperti del settore. <\/p>\n\n\n\n<p>Ad intervenire per questo appuntamento di rilievo, tra i saluti del <strong>sindaco di Gioiosa Marea Giusy La Galia e <\/strong>le conclusioni dell\u2019<strong>assessore<\/strong> <strong>regionale all\u2019Agricoltura Antonino Scilla<\/strong>, i moderatori <strong>Teodoro La Monica<\/strong> nel ruolo di assessore del Comune di Gioiosa e <strong>Tindaro Germanelli<\/strong> che \u00e8 Segretario regionale Cna Agroalimentare Sicilia, a seguire un rappresentante di Crea Palermo <strong>Marco Genduso<\/strong> che relazioner\u00e0 sui punti critici della reperibilit\u00e0 e tracciabilit\u00e0 dei cereali e farine in questo momento storico; ancora, il <strong>Presidente regionale Fas<\/strong> (Federazione Agricola Siciliana) <strong>Francesco Calanna<\/strong>, il produttore <strong>Francesco Vescera<\/strong> con notevole competenza sulla qualit\u00e0 dei grani antichi siciliani, il Presidente dell\u2019Appafre (Associazione Produttori Pasta Fresca) <strong>Fabio Fontaneto <\/strong>e il Responsabile Nazionale Cna Agroalimentare <strong>Gabriele Rotini<\/strong>. <\/p>\n\n\n\n<p>Contemporaneamente nella stessa giornata, ci saranno in un vivace itinerario di prelibatezze Laboratori del Gusto e Antichi Mestieri: ore 18:30 &#8211; Laboratorio \u201cLa pasta fresca, impariamo a fare le busiate trapanesi\u201d; ore 19 \u201cConservazione del pesce azzurro &#8211; le sarde sotto sale\u201d; ore 19:30, \u201cI panari, realizzazione di cesti\u2026\u201d.<\/p>\n\n\n\n<p>Ad animare le tre date del prossimo weekend: <strong>venerd\u00ec 29<\/strong> ore 21:30 il gruppo folkcoristico \u201dMeliuso\u201d; <strong>sabato 30<\/strong> ore 21 musica live con il duo DuChiarAnto ed artisti di strada; <strong>domenica 31 <\/strong>ore 21:30, il M\u00b0 Giuseppe Mario Sidoti ed i suoi allievi e ore 22 La Ton\u00e0 \u201cFlamenco Fusion\u201d.<\/p>\n","protected":false},"excerpt":{"rendered":"<p>La Gioiosa delle squisitezze alimentari far\u00e0 viaggiare i suoi \u201cpasseggeri\u201d e i suoi ammiratori accanto alle aziende eccellenti del territorio per tre giorni colmi di iniziative. \u00c8 tutto pronto per \u201cGioiosa Gustosa\u201d, iniziativa che si terr\u00e0 a Gioiosa Marea dal venerd\u00ec 29 a domenica 31 luglio dalle 19 alle 24. L&#8217;iniziativa sar\u00e0 l&#8217;occasione per assaporare [&hellip;]<\/p>\n","protected":false},"author":8,"featured_media":115936,"comment_status":"open","ping_status":"open","sticky":false,"template":"","format":"standard","meta":{"ub_ctt_via":"","_mi_skip_tracking":false},"categories":[13,14],"tags":[4845,1019],"featured_image_src":"https:\/\/www.messinaoggi.it\/website\/wp-content\/uploads\/2022\/07\/Gioiosa-Marea-Costa-Saracena.jpg","author_info":{"display_name":"red..me","author_link":"https:\/\/www.messinaoggi.it\/website\/author\/redstage\/"},"digistream_id":0,"digistream":false,"_links":{"self":[{"href":"https:\/\/www.messinaoggi.it\/website\/wp-json\/wp\/v2\/posts\/115935"}],"collection":[{"href":"https:\/\/www.messinaoggi.it\/website\/wp-json\/wp\/v2\/posts"}],"about":[{"href":"https:\/\/www.messinaoggi.it\/website\/wp-json\/wp\/v2\/types\/post"}],"author":[{"embeddable":true,"href":"https:\/\/www.messinaoggi.it\/website\/wp-json\/wp\/v2\/users\/8"}],"replies":[{"embeddable":true,"href":"https:\/\/www.messinaoggi.it\/website\/wp-json\/wp\/v2\/comments?post=115935"}],"version-history":[{"count":1,"href":"https:\/\/www.messinaoggi.it\/website\/wp-json\/wp\/v2\/posts\/115935\/revisions"}],"predecessor-version":[{"id":115937,"href":"https:\/\/www.messinaoggi.it\/website\/wp-json\/wp\/v2\/posts\/115935\/revisions\/115937"}],"wp:featuredmedia":[{"embeddable":true,"href":"https:\/\/www.messinaoggi.it\/website\/wp-json\/wp\/v2\/media\/115936"}],"wp:attachment":[{"href":"https:\/\/www.messinaoggi.it\/website\/wp-json\/wp\/v2\/media?parent=115935"}],"wp:term":[{"taxonomy":"category","embeddable":true,"href":"https:\/\/www.messinaoggi.it\/website\/wp-json\/wp\/v2\/categories?post=115935"},{"taxonomy":"post_tag","embeddable":true,"href":"https:\/\/www.messinaoggi.it\/website\/wp-json\/wp\/v2\/tags?post=115935"}],"curies":[{"name":"wp","href":"https:\/\/api.w.org\/{rel}","templated":true}]}}