{"id":115889,"date":"2022-07-26T16:07:56","date_gmt":"2022-07-26T14:07:56","guid":{"rendered":"https:\/\/www.messinaoggi.it\/website\/2022\/07\/26\/ue-accordo-su-taglio-del-15-consumo-di-gas-per-linverno\/"},"modified":"2022-07-26T16:07:56","modified_gmt":"2022-07-26T14:07:56","slug":"ue-accordo-su-taglio-del-15-consumo-di-gas-per-linverno","status":"publish","type":"post","link":"https:\/\/www.messinaoggi.it\/website\/2022\/07\/26\/ue-accordo-su-taglio-del-15-consumo-di-gas-per-linverno\/","title":{"rendered":"Ue, accordo su taglio del 15% consumo di gas per l\u2019inverno"},"content":{"rendered":"<div>BRUXELLES (BELGIO) (ITALPRESS) &#8211; Nel tentativo di aumentare la sicurezza dell&#8217;approvvigionamento energetico dell&#8217;UE, gli Stati membri hanno raggiunto un accordo politico su una riduzione volontaria della domanda di gas naturale del 15% questo inverno. Il regolamento del Consiglio prevede anche la possibilit\u00e0 di attivare una &#8220;allerta dell&#8217;Unione&#8221; sulla sicurezza dell&#8217;approvvigionamento, nel qual caso la riduzione della domanda di gas diventerebbe obbligatoria. Gli Stati membri hanno concordato di ridurre la domanda di gas del 15% rispetto al consumo medio degli ultimi cinque anni, tra il 1 agosto 2022 e il 31 marzo 2023, con misure di propria scelta. Mentre tutti i paesi dell&#8217;UE faranno del loro meglio per raggiungere le riduzioni, il Consiglio ha specificato alcune esenzioni e possibilit\u00e0 per richiedere una deroga all&#8217;obiettivo di riduzione obbligatorio, al fine di riflettere le situazioni particolari degli Stati membri e garantire che le riduzioni di gas siano efficaci in aumentare la sicurezza dell&#8217;approvvigionamento nell&#8217;UE. Il Consiglio ha convenuto che gli Stati membri che non sono interconnessi alle reti del gas di altri Stati membri sono esentati dalle riduzioni obbligatorie del gas in quanto non sarebbero in grado di liberare volumi significativi di gasdotti a vantaggio di altri Stati membri. Sono esentati anche gli Stati membri le cui reti elettriche non sono sincronizzate con il sistema elettrico europeo e dipendono fortemente dal gas per la produzione di elettricit\u00e0, al fine di evitare il rischio di una crisi dell&#8217;approvvigionamento elettrico. Gli Stati membri aggiorneranno i loro piani di emergenza nazionali che definiscono le misure di riduzione della domanda che stanno pianificando e riferiranno regolarmente alla Commissione sull&#8217;avanzamento dei loro piani. Il regolamento \u00e8 un provvedimento eccezionale e straordinario, previsto per un tempo limitato. Pertanto si applicher\u00e0 per un anno e la Commissione effettuer\u00e0 un riesame per valutarne l&#8217;estensione alla luce della situazione generale dell&#8217;approvvigionamento di gas dell&#8217;UE, entro maggio 2023.<br \/>Il testo concordato oggi sar\u00e0 formalmente adottato mediante procedura scritta. La procedura scritta sar\u00e0 avviata e conclusa nei prossimi giorni, a seguito di revisioni tecniche del testo.<br \/>(ITALPRESS).<br \/>-foto agenziafotogramma.it-<\/div>\n<div id=\"div-gpt-ad-Messinaoggi.it-DSK-300x250-corpoart\" style=\"text-align:center;margin:0 auto;\"><\/div><\/p><div id=\"videoincontent\" style=\"clear:both\";><\/div>","protected":false},"excerpt":{"rendered":"<p>BRUXELLES (BELGIO) (ITALPRESS) &#8211; Nel tentativo di aumentare la sicurezza dell&#8217;approvvigionamento energetico dell&#8217;UE, gli Stati membri hanno raggiunto un accordo politico su una riduzione volontaria della domanda di gas naturale del 15% questo inverno. Il regolamento del Consiglio prevede anche la possibilit\u00e0 di attivare una &#8220;allerta dell&#8217;Unione&#8221; sulla sicurezza dell&#8217;approvvigionamento, nel qual caso la riduzione [&hellip;]<\/p>\n","protected":false},"author":18,"featured_media":115890,"comment_status":"closed","ping_status":"closed","sticky":false,"template":"","format":"standard","meta":{"ub_ctt_via":"","_mi_skip_tracking":false},"categories":[446],"tags":[783],"featured_image_src":"https:\/\/www.messinaoggi.it\/website\/wp-content\/uploads\/2022\/07\/20220726_1099.jpg","author_info":{"display_name":"Admin","author_link":"https:\/\/www.messinaoggi.it\/website\/author\/admin\/"},"digistream_id":0,"digistream":false,"_links":{"self":[{"href":"https:\/\/www.messinaoggi.it\/website\/wp-json\/wp\/v2\/posts\/115889"}],"collection":[{"href":"https:\/\/www.messinaoggi.it\/website\/wp-json\/wp\/v2\/posts"}],"about":[{"href":"https:\/\/www.messinaoggi.it\/website\/wp-json\/wp\/v2\/types\/post"}],"author":[{"embeddable":true,"href":"https:\/\/www.messinaoggi.it\/website\/wp-json\/wp\/v2\/users\/18"}],"replies":[{"embeddable":true,"href":"https:\/\/www.messinaoggi.it\/website\/wp-json\/wp\/v2\/comments?post=115889"}],"version-history":[{"count":0,"href":"https:\/\/www.messinaoggi.it\/website\/wp-json\/wp\/v2\/posts\/115889\/revisions"}],"wp:featuredmedia":[{"embeddable":true,"href":"https:\/\/www.messinaoggi.it\/website\/wp-json\/wp\/v2\/media\/115890"}],"wp:attachment":[{"href":"https:\/\/www.messinaoggi.it\/website\/wp-json\/wp\/v2\/media?parent=115889"}],"wp:term":[{"taxonomy":"category","embeddable":true,"href":"https:\/\/www.messinaoggi.it\/website\/wp-json\/wp\/v2\/categories?post=115889"},{"taxonomy":"post_tag","embeddable":true,"href":"https:\/\/www.messinaoggi.it\/website\/wp-json\/wp\/v2\/tags?post=115889"}],"curies":[{"name":"wp","href":"https:\/\/api.w.org\/{rel}","templated":true}]}}