{"id":115883,"date":"2022-07-26T16:02:53","date_gmt":"2022-07-26T14:02:53","guid":{"rendered":"https:\/\/www.messinaoggi.it\/website\/2022\/07\/26\/il-dialogo-tra-genitori-e-figli-tra-tabu-e-conflitto\/"},"modified":"2022-07-26T16:02:53","modified_gmt":"2022-07-26T14:02:53","slug":"il-dialogo-tra-genitori-e-figli-tra-tabu-e-conflitto","status":"publish","type":"post","link":"https:\/\/www.messinaoggi.it\/website\/2022\/07\/26\/il-dialogo-tra-genitori-e-figli-tra-tabu-e-conflitto\/","title":{"rendered":"Il dialogo tra genitori e figli, tra tab\u00f9 e conflitto"},"content":{"rendered":"<div>\n<p>Il dialogo tra genitori e figli adolescenti \u00e8 spesso problematico e pu\u00f2 tradursi in silenzi reciproci, distanza o conflitto. Ma superare i tab\u00f9 pu\u00f2 essere meno complicato di quanto si pensi. \u201cGli adolescenti smettono di parlare con i genitori per un processo anche sano, fisiologico, che \u00e8 quello di cercare durante questa et\u00e0 una propria identit\u00e0, per differenziarsi anche dai propri genitori\u201d, spiega all\u2019Italpress Rosalia Rinaldi, dirigente psicologo dell\u2019Asp di Trapani, Unit\u00e0 Operativa di Neuropsichiatria Infantile. \u201cGli argomenti che si trova pi\u00f9 fatica a condividere con i propri genitori in adolescenza sicuramente sono quelli legati al giudizio del genitore. I ragazzi possono temere di essere giudicati\u201d, sottolinea. Il conflitto pu\u00f2 risolversi attraverso aperture reciproche. \u201cL\u2019approccio che un genitore pu\u00f2 avere verso un figlio pu\u00f2 essere quello di rassicurarlo rispetto al fatto che comunque tutto quello che il ragazzo o la ragazza potr\u00e0 dire sar\u00e0 compreso e accettato \u2013 afferma Rinaldi -. Viceversa i ragazzi possono anche riuscire a comprendere, hanno un certo livello di maturit\u00e0, i timori e le paure dei genitori. Molto spesso i conflitti tra genitori e figli sono uno scontro tra esigenze diverse\u201d. (ITALPRESS).<div id=\"div-gpt-ad-Messinaoggi.it-DSK-300x250-corpoart\" style=\"text-align:center;margin:0 auto;\"><\/div><\/p>\n<p>foto da video Italpress<div id=\"videoincontent\" style=\"clear:both\";><\/div><\/p>\n<\/div>\n","protected":false},"excerpt":{"rendered":"<p>Il dialogo tra genitori e figli adolescenti \u00e8 spesso problematico e pu\u00f2 tradursi in silenzi reciproci, distanza o conflitto. Ma superare i tab\u00f9 pu\u00f2 essere meno complicato di quanto si pensi. \u201cGli adolescenti smettono di parlare con i genitori per un processo anche sano, fisiologico, che \u00e8 quello di cercare durante questa et\u00e0 una propria [&hellip;]<\/p>\n","protected":false},"author":18,"featured_media":115884,"comment_status":"closed","ping_status":"closed","sticky":false,"template":"","format":"standard","meta":{"ub_ctt_via":"","_mi_skip_tracking":false},"categories":[2449],"tags":[783],"featured_image_src":"https:\/\/www.messinaoggi.it\/website\/wp-content\/uploads\/2022\/07\/fotogiovani-e-salute.jpg","author_info":{"display_name":"Admin","author_link":"https:\/\/www.messinaoggi.it\/website\/author\/admin\/"},"digistream_id":0,"digistream":false,"_links":{"self":[{"href":"https:\/\/www.messinaoggi.it\/website\/wp-json\/wp\/v2\/posts\/115883"}],"collection":[{"href":"https:\/\/www.messinaoggi.it\/website\/wp-json\/wp\/v2\/posts"}],"about":[{"href":"https:\/\/www.messinaoggi.it\/website\/wp-json\/wp\/v2\/types\/post"}],"author":[{"embeddable":true,"href":"https:\/\/www.messinaoggi.it\/website\/wp-json\/wp\/v2\/users\/18"}],"replies":[{"embeddable":true,"href":"https:\/\/www.messinaoggi.it\/website\/wp-json\/wp\/v2\/comments?post=115883"}],"version-history":[{"count":0,"href":"https:\/\/www.messinaoggi.it\/website\/wp-json\/wp\/v2\/posts\/115883\/revisions"}],"wp:featuredmedia":[{"embeddable":true,"href":"https:\/\/www.messinaoggi.it\/website\/wp-json\/wp\/v2\/media\/115884"}],"wp:attachment":[{"href":"https:\/\/www.messinaoggi.it\/website\/wp-json\/wp\/v2\/media?parent=115883"}],"wp:term":[{"taxonomy":"category","embeddable":true,"href":"https:\/\/www.messinaoggi.it\/website\/wp-json\/wp\/v2\/categories?post=115883"},{"taxonomy":"post_tag","embeddable":true,"href":"https:\/\/www.messinaoggi.it\/website\/wp-json\/wp\/v2\/tags?post=115883"}],"curies":[{"name":"wp","href":"https:\/\/api.w.org\/{rel}","templated":true}]}}