{"id":115812,"date":"2022-07-25T22:07:51","date_gmt":"2022-07-25T20:07:51","guid":{"rendered":"https:\/\/www.messinaoggi.it\/website\/2022\/07\/25\/elezioni-azione-e-europa-lanciano-patto-repubblicano\/"},"modified":"2022-07-25T22:07:51","modified_gmt":"2022-07-25T20:07:51","slug":"elezioni-azione-e-europa-lanciano-patto-repubblicano","status":"publish","type":"post","link":"https:\/\/www.messinaoggi.it\/website\/2022\/07\/25\/elezioni-azione-e-europa-lanciano-patto-repubblicano\/","title":{"rendered":"Elezioni, Azione e +Europa lanciano Patto Repubblicano"},"content":{"rendered":"<div>ROMA (ITALPRESS) &#8211; Nuovi rigassificatori, nessun taglio di tasse ricorrendo a deficit aggiuntivo, recupero di produttivit\u00e0 attraverso l&#8217;innovazione, superare l&#8217;opposizione tra &#8216;porti apert\u00ec e &#8216;porti chius\u00ec, migliorare la competitivit\u00e0 del paese, proseguire sulla scia delle riforme della ministra Cartabia per garantire processi pi\u00f9 veloci. E&#8217; il Fronte Repubblicano di Azione e + Europa, presentato in conferenza stampa dal leader di Azione, Carlo Calenda, la senatrice di + Europa, Emma Bonino, il sottosegretario Benedetto della Vedova e i parlamentari Matteo Richetti, Riccardo Magi ed Enrico Costa. &#8220;Non \u00e8 il nostro programma, ma un appello che rivolgiamo a partiti e cittadini per fermare il declino italiano&#8221; ha detto Calenda &#8220;discutiamo con tutti, ma a una condizione: comportamenti coerenti e chiarezza sugli obiettivi. Basta con la politica del tutti insieme contro qualcuno, \u00e8 ora di provare a lavorare per fare qualcosa di concreto. In questa legislatura hanno tradito tutti la parola data agli elettori non si \u00e8 nemmeno riusciti a rispettare la volont\u00e0 del presidente della Repubblica di non essere rieletto, e in questo quadro Forza Italia \u00e8 entrata a pieno titolo nell&#8217;area populista antieuropeista&#8221;. Il leader di Azione ha spiegato: &#8220;Oggi presentiamo un patto su alcuni posizionamenti fondamentali, ci impegniamo a proporre membri  di governo che abbiano rilevanti esperienze amministrative nel pubblico e nel privato. Nessuna delle coalizioni che si sono confrontate fino ad oggi riuscir\u00e0 a governare il Paese. Le coalizioni si creano sui fatti, non sulle chiacchiere. Il tempo delle &#8216;alleanze contr\u00f2 \u00e8 finit\u00f2&#8221;. Con il Patto Repubblicani vengono condivisi principi dell&#8217;agenda Draghi. <br \/>&#8220;Non sono tavole delle legge, non \u00e8 un programma elettorale, \u00e8 un  documento strutturato che vuole aprire una riflessione tra colleghi&#8221; ha chiarito Bonino, &#8220;un tentativo che spero riesca per chiamare a raccolta persone liberali europeiste, atlantiste senza se e senza me&#8221;. Della Vedova ha parlato di diritti: &#8220;Se non si va avanti si va indietro, la societ\u00e0 va avanti e sulla cittadinanza noi siamo a favore dello ius Scholae. Noi offriamo questo patto per la ricostruzione dell&#8217;Italia consapevole che si possono battere le destre&#8221;. Il Patto Repubblicano sar\u00e0 disponibile da oggi sul sito di Azione dove potr\u00e0 essere consultato e firmato. <br \/>(ITALPRESS).<div id=\"div-gpt-ad-Messinaoggi.it-DSK-300x250-corpoart\" style=\"text-align:center;margin:0 auto;\"><\/div><\/p>\n<p>Photo credits: www.agenziafotogramma.it<div id=\"videoincontent\" style=\"clear:both\";><\/div><\/p><\/div>\n","protected":false},"excerpt":{"rendered":"<p>ROMA (ITALPRESS) &#8211; Nuovi rigassificatori, nessun taglio di tasse ricorrendo a deficit aggiuntivo, recupero di produttivit\u00e0 attraverso l&#8217;innovazione, superare l&#8217;opposizione tra &#8216;porti apert\u00ec e &#8216;porti chius\u00ec, migliorare la competitivit\u00e0 del paese, proseguire sulla scia delle riforme della ministra Cartabia per garantire processi pi\u00f9 veloci. E&#8217; il Fronte Repubblicano di Azione e + Europa, presentato in [&hellip;]<\/p>\n","protected":false},"author":18,"featured_media":115813,"comment_status":"closed","ping_status":"closed","sticky":false,"template":"","format":"standard","meta":{"ub_ctt_via":"","_mi_skip_tracking":false},"categories":[446],"tags":[783],"featured_image_src":"https:\/\/www.messinaoggi.it\/website\/wp-content\/uploads\/2022\/07\/20220725_2007.jpg","author_info":{"display_name":"Admin","author_link":"https:\/\/www.messinaoggi.it\/website\/author\/admin\/"},"digistream_id":0,"digistream":false,"_links":{"self":[{"href":"https:\/\/www.messinaoggi.it\/website\/wp-json\/wp\/v2\/posts\/115812"}],"collection":[{"href":"https:\/\/www.messinaoggi.it\/website\/wp-json\/wp\/v2\/posts"}],"about":[{"href":"https:\/\/www.messinaoggi.it\/website\/wp-json\/wp\/v2\/types\/post"}],"author":[{"embeddable":true,"href":"https:\/\/www.messinaoggi.it\/website\/wp-json\/wp\/v2\/users\/18"}],"replies":[{"embeddable":true,"href":"https:\/\/www.messinaoggi.it\/website\/wp-json\/wp\/v2\/comments?post=115812"}],"version-history":[{"count":0,"href":"https:\/\/www.messinaoggi.it\/website\/wp-json\/wp\/v2\/posts\/115812\/revisions"}],"wp:featuredmedia":[{"embeddable":true,"href":"https:\/\/www.messinaoggi.it\/website\/wp-json\/wp\/v2\/media\/115813"}],"wp:attachment":[{"href":"https:\/\/www.messinaoggi.it\/website\/wp-json\/wp\/v2\/media?parent=115812"}],"wp:term":[{"taxonomy":"category","embeddable":true,"href":"https:\/\/www.messinaoggi.it\/website\/wp-json\/wp\/v2\/categories?post=115812"},{"taxonomy":"post_tag","embeddable":true,"href":"https:\/\/www.messinaoggi.it\/website\/wp-json\/wp\/v2\/tags?post=115812"}],"curies":[{"name":"wp","href":"https:\/\/api.w.org\/{rel}","templated":true}]}}