{"id":115789,"date":"2022-07-25T19:07:53","date_gmt":"2022-07-25T17:07:53","guid":{"rendered":"https:\/\/www.messinaoggi.it\/website\/2022\/07\/25\/salvini-premier-indicato-da-chi-avra-piu-voti\/"},"modified":"2022-07-25T19:37:11","modified_gmt":"2022-07-25T17:37:11","slug":"salvini-premier-indicato-da-chi-avra-piu-voti","status":"publish","type":"post","link":"https:\/\/www.messinaoggi.it\/website\/2022\/07\/25\/salvini-premier-indicato-da-chi-avra-piu-voti\/","title":{"rendered":"Salvini \u201cPremier indicato da chi avr\u00e0 pi\u00f9 voti\u201d"},"content":{"rendered":"<div>ROMA (ITALPRESS) &#8211; &#8220;Lasciamo a sinistra litigi e divisioni: per quanto ci riguarda, siamo pronti a ragionare con gli alleati sul programma di governo partendo da tasse, lavoro, immigrazione e ambiente. Chi avr\u00e0 un voto in pi\u00f9, avr\u00e0 l&#8217;onore e l&#8217;onere di indicare il premier&#8221;. Lo dice il leader della Lega Matteo Salvini.<br \/>(ITALPRESS).<br \/>-foto agenziafotogramma.it-<\/div>\n<div id=\"div-gpt-ad-Messinaoggi.it-DSK-300x250-corpoart\" style=\"text-align:center;margin:0 auto;\"><\/div><\/p><div id=\"videoincontent\" style=\"clear:both\";><\/div>","protected":false},"excerpt":{"rendered":"<p>ROMA (ITALPRESS) &#8211; &#8220;Lasciamo a sinistra litigi e divisioni: per quanto ci riguarda, siamo pronti a ragionare con gli alleati sul programma di governo partendo da tasse, lavoro, immigrazione e ambiente. Chi avr\u00e0 un voto in pi\u00f9, avr\u00e0 l&#8217;onore e l&#8217;onere di indicare il premier&#8221;. Lo dice il leader della Lega Matteo Salvini.(ITALPRESS).-foto agenziafotogramma.it-<\/p>\n","protected":false},"author":18,"featured_media":115790,"comment_status":"closed","ping_status":"closed","sticky":false,"template":"","format":"standard","meta":{"ub_ctt_via":"","_mi_skip_tracking":false},"categories":[446,4],"tags":[783],"featured_image_src":"https:\/\/www.messinaoggi.it\/website\/wp-content\/uploads\/2022\/07\/20220725_1851.jpg","author_info":{"display_name":"Admin","author_link":"https:\/\/www.messinaoggi.it\/website\/author\/admin\/"},"digistream_id":0,"digistream":false,"_links":{"self":[{"href":"https:\/\/www.messinaoggi.it\/website\/wp-json\/wp\/v2\/posts\/115789"}],"collection":[{"href":"https:\/\/www.messinaoggi.it\/website\/wp-json\/wp\/v2\/posts"}],"about":[{"href":"https:\/\/www.messinaoggi.it\/website\/wp-json\/wp\/v2\/types\/post"}],"author":[{"embeddable":true,"href":"https:\/\/www.messinaoggi.it\/website\/wp-json\/wp\/v2\/users\/18"}],"replies":[{"embeddable":true,"href":"https:\/\/www.messinaoggi.it\/website\/wp-json\/wp\/v2\/comments?post=115789"}],"version-history":[{"count":1,"href":"https:\/\/www.messinaoggi.it\/website\/wp-json\/wp\/v2\/posts\/115789\/revisions"}],"predecessor-version":[{"id":115793,"href":"https:\/\/www.messinaoggi.it\/website\/wp-json\/wp\/v2\/posts\/115789\/revisions\/115793"}],"wp:featuredmedia":[{"embeddable":true,"href":"https:\/\/www.messinaoggi.it\/website\/wp-json\/wp\/v2\/media\/115790"}],"wp:attachment":[{"href":"https:\/\/www.messinaoggi.it\/website\/wp-json\/wp\/v2\/media?parent=115789"}],"wp:term":[{"taxonomy":"category","embeddable":true,"href":"https:\/\/www.messinaoggi.it\/website\/wp-json\/wp\/v2\/categories?post=115789"},{"taxonomy":"post_tag","embeddable":true,"href":"https:\/\/www.messinaoggi.it\/website\/wp-json\/wp\/v2\/tags?post=115789"}],"curies":[{"name":"wp","href":"https:\/\/api.w.org\/{rel}","templated":true}]}}