{"id":115738,"date":"2022-07-25T12:23:10","date_gmt":"2022-07-25T10:23:10","guid":{"rendered":"http:\/\/www.messinaoggi.it\/website\/?p=115738"},"modified":"2022-07-25T12:23:12","modified_gmt":"2022-07-25T10:23:12","slug":"tortorici-domani-il-cammino-per-la-legalita-verso-lalbero-di-falcone","status":"publish","type":"post","link":"https:\/\/www.messinaoggi.it\/website\/2022\/07\/25\/tortorici-domani-il-cammino-per-la-legalita-verso-lalbero-di-falcone\/","title":{"rendered":"Tortorici, domani il cammino per la legalit\u00e0 verso l&#8217;albero di Falcone"},"content":{"rendered":"\n<p>Dopo lo slittamento dello scorso 8 luglio, dovuto alle avverse condizioni meteo, si terr\u00e0 domani, 26 luglio, il cammino per la legalit\u00e0 verso l&#8217;albero di Falcone, evento che si terr\u00e0 a Tortorici a partire dalle 17 e 30. L&#8217;evento \u00e8 stato organizzato dalla Commissione Straordinaria di Tortorici, insediatasi a seguito dello scioglimento di quel comune il 23 dicembre 2020 per infiltrazione mafiosa, sotto l\u2019egida della Prefettura di Messina, con il supporto organizzativo della Fondazione Falcone e dell\u2019Arma dei Carabinieri, ed il patrocinio della Societ\u00e0 Editrice Sud, nel cui ambito, tra l\u2019altro, sar\u00e0 commemorata la morte di Giovanni Falcone e rinnovato il significativo evento della piantumazione dell\u2019Albero di Falcone.<div id=\"div-gpt-ad-Messinaoggi.it-DSK-300x250-corpoart\" style=\"text-align:center;margin:0 auto;\"><\/div><\/p>\n\n\n\n<p>All\u2019iniziativa, che si articola in una iniziale camminata lungo le vie del centro cittadino fino alla locale villa comunale ed un momento di incontro per approfondire i temi della legalit\u00e0 presso la citata \u201cvilla Falcone Borsellino\u201d, parteciperanno le massime autorit\u00e0 civili, militari e religiose della Provincia, fra cui il Prefetto di Messina, Cosima Di Stani, il Vescovo di Patti, Guglielmo Giombanco, il Presidente del tribunale \u00a0di Patti, Mario Samperi ed il Procuratore Distrettuale della Repubblica di Messina, Maurizio De Lucia alla presenza dei cittadini oricenzi, delle associazioni di volontariato e degli istituti scolastici.<div id=\"videoincontent\" style=\"clear:both\";><\/div><\/p>\n\n\n\n<p>Nella parte conclusiva dell\u2019evento \u2013 nell\u2019ambito del progetto nazionale esistente tra la Fondazione Falcone e l\u2019Arma dei Carabinieri denominato \u201cl\u2019albero di Falcone\u201d \u00a0&#8211; \u00a0verr\u00e0 commemorata la figura di Giovanni Falcone con la <em>simbolica piantumazione<\/em>, nel giardino della villa Falcone Borsellino di Tortorici, di una piantina del tipo \u201c<em>ficus macrophylla<\/em>\u201d <em>tratta dal reinnesto di un ramo dell\u2019albero di Giovanni Falcone<\/em>, che verr\u00e0 posizionata dai Carabinieri Forestali, dalla fondazione falcone e da giovani ragazzi del luogo. Il tutto si svolger\u00e0 con un ruolo di moderazione svolto dal giornalista Nuccio Anselmo della \u201cGazzetta del Sud\u201d.<\/p>\n\n\n\n<p>Scopo dell\u2019iniziativa, che si inserisce nel pi\u00f9 ampio contesto delle attivit\u00e0 per la diffusione della cultura della legalit\u00e0, \u00e8 quello di rinsaldare il legame tra le Istituzioni con quella popolazione, rafforzando il ruolo della Commissione Straordinaria Prefettizia, chiamata ad operare in un sensibile contesto cittadino.<\/p>\n","protected":false},"excerpt":{"rendered":"<p>Dopo lo slittamento dello scorso 8 luglio, dovuto alle avverse condizioni meteo, si terr\u00e0 domani, 26 luglio, il cammino per la legalit\u00e0 verso l&#8217;albero di Falcone, evento che si terr\u00e0 a Tortorici a partire dalle 17 e 30. L&#8217;evento \u00e8 stato organizzato dalla Commissione Straordinaria di Tortorici, insediatasi a seguito dello scioglimento di quel comune [&hellip;]<\/p>\n","protected":false},"author":8,"featured_media":29778,"comment_status":"open","ping_status":"open","sticky":false,"template":"","format":"standard","meta":{"ub_ctt_via":"","_mi_skip_tracking":false},"categories":[13,18],"tags":[4837,1580],"featured_image_src":"https:\/\/www.messinaoggi.it\/website\/wp-content\/uploads\/2019\/02\/Tortorici-veduta.jpg","author_info":{"display_name":"red..me","author_link":"https:\/\/www.messinaoggi.it\/website\/author\/redstage\/"},"digistream_id":0,"digistream":false,"_links":{"self":[{"href":"https:\/\/www.messinaoggi.it\/website\/wp-json\/wp\/v2\/posts\/115738"}],"collection":[{"href":"https:\/\/www.messinaoggi.it\/website\/wp-json\/wp\/v2\/posts"}],"about":[{"href":"https:\/\/www.messinaoggi.it\/website\/wp-json\/wp\/v2\/types\/post"}],"author":[{"embeddable":true,"href":"https:\/\/www.messinaoggi.it\/website\/wp-json\/wp\/v2\/users\/8"}],"replies":[{"embeddable":true,"href":"https:\/\/www.messinaoggi.it\/website\/wp-json\/wp\/v2\/comments?post=115738"}],"version-history":[{"count":1,"href":"https:\/\/www.messinaoggi.it\/website\/wp-json\/wp\/v2\/posts\/115738\/revisions"}],"predecessor-version":[{"id":115739,"href":"https:\/\/www.messinaoggi.it\/website\/wp-json\/wp\/v2\/posts\/115738\/revisions\/115739"}],"wp:featuredmedia":[{"embeddable":true,"href":"https:\/\/www.messinaoggi.it\/website\/wp-json\/wp\/v2\/media\/29778"}],"wp:attachment":[{"href":"https:\/\/www.messinaoggi.it\/website\/wp-json\/wp\/v2\/media?parent=115738"}],"wp:term":[{"taxonomy":"category","embeddable":true,"href":"https:\/\/www.messinaoggi.it\/website\/wp-json\/wp\/v2\/categories?post=115738"},{"taxonomy":"post_tag","embeddable":true,"href":"https:\/\/www.messinaoggi.it\/website\/wp-json\/wp\/v2\/tags?post=115738"}],"curies":[{"name":"wp","href":"https:\/\/api.w.org\/{rel}","templated":true}]}}