{"id":115718,"date":"2022-07-25T08:47:50","date_gmt":"2022-07-25T06:47:50","guid":{"rendered":"https:\/\/www.messinaoggi.it\/website\/2022\/07\/25\/regionali-chinnici-credo-nel-campo-largo-ma-decidera-pd\/"},"modified":"2022-07-25T09:07:51","modified_gmt":"2022-07-25T07:07:51","slug":"regionali-chinnici-credo-nel-campo-largo-ma-decidera-pd","status":"publish","type":"post","link":"https:\/\/www.messinaoggi.it\/website\/2022\/07\/25\/regionali-chinnici-credo-nel-campo-largo-ma-decidera-pd\/","title":{"rendered":"Regionali, Chinnici \u201cCredo nel campo largo ma decider\u00e0 Pd\u201d"},"content":{"rendered":"<div>\n<p>PALERMO (ITALPRESS) \u2013 \u201cCredo sia difficile adesso immaginare quale alleanza sar\u00f2 chiamata a guidare. Io credo ancora nel campo largo, in un progetto inclusivo. Penso sia questa la strada da seguire ma \u00e8 compito delle segreterie di partito decidere, non spetta a me\u201d. Lo dice, in un\u2019intervista al Giornale di Sicilia, Caterina Chinnici ufficialmente candidata, dopo l\u2019esito delle Primarie, alla Presidenza della Regione Siciliana. \u201cFinora \u00e8 stato un impegno enorme \u2013 continua Chinnici \u2013 e sento la responsabilit\u00e0 che mi \u00e8 stata affidata dagli elettori. Non cambier\u00f2 il mio modo di pormi e di fare politica. Porter\u00f2 avanti la mia idea di sviluppo sostenibile pensando soprattutto ai giovani. Vorrei che i siciliani possano realizzare le loro ambizioni qui: per farlo bisogna che il prossimo governo punti sul lavoro, sulle start up, risolva i problemi di sanit\u00e0 e rifiuti. E poi, soprattutto, cultura e turismo sono un binomio da valorizzare e integrare dando spazio ai giovani\u201d. Pensa che la sua candidatura possa essere attrattiva per pezzi del Centrodestra? \u201cSono temi che spettano al segretario\u201d. Anthony Barbagallo, continua a rivolgere appelli a Calenda e Bonino anche se non hanno partecipato alle primarie. Anche lei vorrebbe accanto a s\u00e8 Azione e +Europa? \u201cIo valuterei queste alleanze. Ma, ripeto, \u00e8 un compito che spetta a Letta e Barbagallo\u2026\u201d.<br \/>(ITALPRESS).<div id=\"div-gpt-ad-Messinaoggi.it-DSK-300x250-corpoart\" style=\"text-align:center;margin:0 auto;\"><\/div><\/p>\n<p>\u2013 credit photo agenziafotogramma.it \u2013<div id=\"videoincontent\" style=\"clear:both\";><\/div><\/p>\n<\/div>\n","protected":false},"excerpt":{"rendered":"<p>PALERMO (ITALPRESS) \u2013 \u201cCredo sia difficile adesso immaginare quale alleanza sar\u00f2 chiamata a guidare. Io credo ancora nel campo largo, in un progetto inclusivo. Penso sia questa la strada da seguire ma \u00e8 compito delle segreterie di partito decidere, non spetta a me\u201d. Lo dice, in un\u2019intervista al Giornale di Sicilia, Caterina Chinnici ufficialmente candidata, [&hellip;]<\/p>\n","protected":false},"author":18,"featured_media":115719,"comment_status":"closed","ping_status":"closed","sticky":false,"template":"","format":"standard","meta":{"ub_ctt_via":"","_mi_skip_tracking":false},"categories":[11,2449],"tags":[783],"featured_image_src":"https:\/\/www.messinaoggi.it\/website\/wp-content\/uploads\/2022\/07\/20220725_0082.jpg","author_info":{"display_name":"Admin","author_link":"https:\/\/www.messinaoggi.it\/website\/author\/admin\/"},"digistream_id":0,"digistream":false,"_links":{"self":[{"href":"https:\/\/www.messinaoggi.it\/website\/wp-json\/wp\/v2\/posts\/115718"}],"collection":[{"href":"https:\/\/www.messinaoggi.it\/website\/wp-json\/wp\/v2\/posts"}],"about":[{"href":"https:\/\/www.messinaoggi.it\/website\/wp-json\/wp\/v2\/types\/post"}],"author":[{"embeddable":true,"href":"https:\/\/www.messinaoggi.it\/website\/wp-json\/wp\/v2\/users\/18"}],"replies":[{"embeddable":true,"href":"https:\/\/www.messinaoggi.it\/website\/wp-json\/wp\/v2\/comments?post=115718"}],"version-history":[{"count":1,"href":"https:\/\/www.messinaoggi.it\/website\/wp-json\/wp\/v2\/posts\/115718\/revisions"}],"predecessor-version":[{"id":115729,"href":"https:\/\/www.messinaoggi.it\/website\/wp-json\/wp\/v2\/posts\/115718\/revisions\/115729"}],"wp:featuredmedia":[{"embeddable":true,"href":"https:\/\/www.messinaoggi.it\/website\/wp-json\/wp\/v2\/media\/115719"}],"wp:attachment":[{"href":"https:\/\/www.messinaoggi.it\/website\/wp-json\/wp\/v2\/media?parent=115718"}],"wp:term":[{"taxonomy":"category","embeddable":true,"href":"https:\/\/www.messinaoggi.it\/website\/wp-json\/wp\/v2\/categories?post=115718"},{"taxonomy":"post_tag","embeddable":true,"href":"https:\/\/www.messinaoggi.it\/website\/wp-json\/wp\/v2\/tags?post=115718"}],"curies":[{"name":"wp","href":"https:\/\/api.w.org\/{rel}","templated":true}]}}