{"id":115620,"date":"2022-07-23T12:32:51","date_gmt":"2022-07-23T10:32:51","guid":{"rendered":"https:\/\/www.messinaoggi.it\/website\/2022\/07\/23\/palermo-sindaco-lagalla-annuncia-la-lista-degli-assessori\/"},"modified":"2022-07-23T22:47:13","modified_gmt":"2022-07-23T20:47:13","slug":"palermo-sindaco-lagalla-annuncia-la-lista-degli-assessori","status":"publish","type":"post","link":"https:\/\/www.messinaoggi.it\/website\/2022\/07\/23\/palermo-sindaco-lagalla-annuncia-la-lista-degli-assessori\/","title":{"rendered":"Palermo, Sindaco Lagalla annuncia la lista degli assessori"},"content":{"rendered":"<div>\n<p>PALERMO (ITALPRESS) \u2013 Si \u00e8 riunita oggi la prima Giunta comunale convocata dal sindaco di Palermo Roberto Lagalla. Dopo aver dato il benvenuto a tutti i neo assessori designati, il sindaco ha comunicato la lista con le rispettive deleghe. Questo l\u2019elenco ufficiale. Sindaco Roberto Lagalla: Pianificazione strategica dei fondi extra-comunali; Piano di Riequilibrio; Polizia Municipale; Statistica; Relazioni internazionali. Carolina Varchi (vice-sindaco) legalit\u00e0, bilancio e societ- partecipate. Bilancio; Tributi; Beni confiscati e legalit\u00e0; Avvocatura; Controllo analogo Societ\u00e0 Partecipate. Pietro (Giampiero) Cannella. Politiche culturali; Sistema museale e bibliotecario; Spettacolo ed eventi culturali; Toponomastica. Maurizio Carta. Rigenerazione urbana, sviluppo urbanistico della citt\u00e0 policentrica e mobilit\u00e0 sostenibile. Urbanistica e relativa pianificazione strategica; Centro storico e relativi interventi; Mobilit\u00e0 sostenibile e collegata infrastrutturazione; Citt\u00e0 creativa e qualit\u00e0 dello spazio pubblico e dell\u2019abitare; Transizione energetica; Rapporti funzionali con Polizia municipale, AMG e AMAT; Rapporti con Universit\u00e0.<br \/>Dario Falzone, Personale, Organizzazione comunale E Decentramento: Personale, Servizi demografici ed elettorali; Decentramento amministrativo e rapporti con le Circoscrizioni; Manutenzioni e relativi rapporti funzionali; Cantiere Municipale e Autoparco. Sabrina Figuccia, Sport, Turismo E Politiche Giovanili: Turismo; Sport e impianti sportivi; Politiche giovanili. Giuliano Forzinetti, Attivit\u00e0 produttive ed economiche: Attivit\u00e0 produttive ed economiche; SUAP; Mercati generali e rionali; Fiere ed esposizioni; Trasporti in concessione; Politiche del lavoro. Andrea Mineo, Politiche ambientali, Transizione ECOLOGICA E Patrimonio: Patrimonio comunale; Politiche ambientali (incl. parchi e riserve) e transizione ecologica; Verde urbano (incl. Ville e giardini); Riqualificazione costiera e fluviale; Igiene ambientale e rapporti funzionali con RAP, SRR, RESET e ARPA; Agricoltura urbana. <br \/>Salvatore Orlando, Lavori Pubblici ed Edilizia Privata e Sociale: <br \/>Lavori pubblici; Edilizia privata e SUE; Housing sociale (ERP); Condono edilizio; Infrastrutture cimiteriali; Rapporti funzionali con IACP e AMAP. Rosalia Pennino, servizi Sociali e Socio-sanitri: Assistenza sociale e socio-sanitaria e relativa programmazione; Sostegno alle disabilit\u00e0 e contrasto alle povert\u00e0; Politiche di genere e pari opportunit\u00e0; Igiene, sanit\u00e0 e farmacie; Canile municipale e diritti degli animali.<br \/>Aristide Tamajo, Istruzione, Edilizia scolastica E Formazione professionale: Istruzione; Edilizia e manutenzione scolastica; Politiche formative; Rapporti con COIME. <br \/>Antonella Tirrito, INNOVAZIONE, Sicurezza e Interventi Emergenziali: Innovazione digitale e rapporti con SISPI; Sicurezza e Protezione civile; Emergenza abitativa ed educativa; Politiche migratorie e rapporti con la Consulta delle culture; Reinserimento sociale dei detenuti; Rapporti con le confessioni religiose.<div id=\"div-gpt-ad-Messinaoggi.it-DSK-300x250-corpoart\" style=\"text-align:center;margin:0 auto;\"><\/div><\/p>\n<p>foto: ufficio stampa Comune di Palermo<div id=\"videoincontent\" style=\"clear:both\";><\/div><\/p>\n<p>(ITALPRESS).<\/p>\n<\/div>\n","protected":false},"excerpt":{"rendered":"<p>PALERMO (ITALPRESS) \u2013 Si \u00e8 riunita oggi la prima Giunta comunale convocata dal sindaco di Palermo Roberto Lagalla. Dopo aver dato il benvenuto a tutti i neo assessori designati, il sindaco ha comunicato la lista con le rispettive deleghe. Questo l\u2019elenco ufficiale. Sindaco Roberto Lagalla: Pianificazione strategica dei fondi extra-comunali; Piano di Riequilibrio; Polizia Municipale; [&hellip;]<\/p>\n","protected":false},"author":18,"featured_media":115621,"comment_status":"closed","ping_status":"closed","sticky":false,"template":"","format":"standard","meta":{"ub_ctt_via":"","_mi_skip_tracking":false},"categories":[11,2449],"tags":[783],"featured_image_src":"https:\/\/www.messinaoggi.it\/website\/wp-content\/uploads\/2022\/07\/20220723_0627.jpg","author_info":{"display_name":"Admin","author_link":"https:\/\/www.messinaoggi.it\/website\/author\/admin\/"},"digistream_id":0,"digistream":false,"_links":{"self":[{"href":"https:\/\/www.messinaoggi.it\/website\/wp-json\/wp\/v2\/posts\/115620"}],"collection":[{"href":"https:\/\/www.messinaoggi.it\/website\/wp-json\/wp\/v2\/posts"}],"about":[{"href":"https:\/\/www.messinaoggi.it\/website\/wp-json\/wp\/v2\/types\/post"}],"author":[{"embeddable":true,"href":"https:\/\/www.messinaoggi.it\/website\/wp-json\/wp\/v2\/users\/18"}],"replies":[{"embeddable":true,"href":"https:\/\/www.messinaoggi.it\/website\/wp-json\/wp\/v2\/comments?post=115620"}],"version-history":[{"count":1,"href":"https:\/\/www.messinaoggi.it\/website\/wp-json\/wp\/v2\/posts\/115620\/revisions"}],"predecessor-version":[{"id":115662,"href":"https:\/\/www.messinaoggi.it\/website\/wp-json\/wp\/v2\/posts\/115620\/revisions\/115662"}],"wp:featuredmedia":[{"embeddable":true,"href":"https:\/\/www.messinaoggi.it\/website\/wp-json\/wp\/v2\/media\/115621"}],"wp:attachment":[{"href":"https:\/\/www.messinaoggi.it\/website\/wp-json\/wp\/v2\/media?parent=115620"}],"wp:term":[{"taxonomy":"category","embeddable":true,"href":"https:\/\/www.messinaoggi.it\/website\/wp-json\/wp\/v2\/categories?post=115620"},{"taxonomy":"post_tag","embeddable":true,"href":"https:\/\/www.messinaoggi.it\/website\/wp-json\/wp\/v2\/tags?post=115620"}],"curies":[{"name":"wp","href":"https:\/\/api.w.org\/{rel}","templated":true}]}}