{"id":115536,"date":"2022-07-22T15:17:50","date_gmt":"2022-07-22T13:17:50","guid":{"rendered":"http:\/\/www.messinaoggi.it\/website\/?p=115536"},"modified":"2023-12-03T02:20:21","modified_gmt":"2023-12-03T01:20:21","slug":"centro-diurno-per-autistici-laccordo-di-basile-va-rivisto-se-no-rischia-di-saltare-lapertura","status":"publish","type":"post","link":"https:\/\/www.messinaoggi.it\/website\/2022\/07\/22\/centro-diurno-per-autistici-laccordo-di-basile-va-rivisto-se-no-rischia-di-saltare-lapertura\/","title":{"rendered":"Centro diurno per autistici: \u201cL\u2019accordo di Basile va rivisto, se no rischia di saltare l\u2019apertura\u201d"},"content":{"rendered":"\n<p>Proseguono gli incontri-scontri sulla nascita a Messina, presso i locali del complesso Marino di Mortelle, del primo centro diurno per bambini autistici. Dopo una sentita protesta di famiglie e associazioni, l\u20198 luglio si \u00e8 tenuto un primo tavolo tecnico a cui hanno partecipato, tra gli altri, la giunta Basile e le associazioni. <div id=\"div-gpt-ad-Messinaoggi.it-DSK-300x250-corpoart\" style=\"text-align:center;margin:0 auto;\"><\/div><\/p>\n\n\n\n<p>Tavolo, per\u00f2, che si \u00e8 concluso con un nulla di fatto. Questo perch\u00e9, nonostante il sindaco Federico Basile avanz\u00f2 un accordo per completare l\u2019iter per aprire il centro, mancavano le firme del Centro Neurolesi e del CNR per poterlo approvare. Mentre il primo era assente all\u2019incontro, il secondo non pot\u00e9 firmare perch\u00e9 necessitava di alcune autorizzazioni da Roma.<div id=\"videoincontent\" style=\"clear:both\";><\/div><\/p>\n\n\n\n<p>L\u2019accordo di Basile, per\u00f2, ha innescato nuove polemiche da parte delle associazioni, che questa mattina sono tornate a palazzo Zanca per spiegare le criticit\u00e0 emerse in questo documento. Stando a quando affermato da Angela Rizzo di Cittadinanzattiva, l\u2019accordo proposto l\u20198 luglio, che fu inviato alle associazioni soltanto quattro giorni dopo, il 12 luglio, modifica profondamente l\u2019accordo originario, fatto prima di Basile.<\/p>\n\n\n\n<p>\u201cAl tavolo dell\u20198 luglio c\u2019era un accordo, che per\u00f2 non ci \u00e8 stato consegnato. \u2013 spiega Rizzo \u2013 Soltanto il 12 luglio ci \u00e8 stato inviato per email, scoprendo che non si parla pi\u00f9 di cedere l\u2019intera area del bioparco, ma solo una parte di essa. Eppure Basile dovrebbe sapere che il centro diurno deve rispettare alcuni parametri per poter essere realizzato: se gli spazi sono insufficienti, cos\u00ec come sembra dall\u2019attuale accordo, rischia di saltare la realizzazione del centro diurno\u201d.<\/p>\n\n\n\n<p>\u201cQuanto chiediamo al sindaco \u00e8 di chiudere immediatamente la questione con l\u2019Asp, a cui compete la gestione del centro diurno, senza per\u00f2 metterne a rischio l\u2019esistenza. In tal senso serve un tavolo, in cui bisogna per\u00f2 coinvolgere questa volta anche famiglie e associazioni: il palazzo comunale \u00e8 la casa dei cittadini, non pu\u00f2 essere gestito come se fosse il salotto di casa\u201d.<\/p>\n","protected":false},"excerpt":{"rendered":"<p>Proseguono gli incontri-scontri sulla nascita a Messina, presso i locali del complesso Marino di Mortelle, del primo centro diurno per bambini autistici. Dopo una sentita protesta di famiglie e associazioni, l\u20198 luglio si \u00e8 tenuto un primo tavolo tecnico a cui hanno partecipato, tra gli altri, la giunta Basile e le associazioni. Tavolo, per\u00f2, che [&hellip;]<\/p>\n","protected":false},"author":8,"featured_media":115537,"comment_status":"open","ping_status":"open","sticky":false,"template":"","format":"standard","meta":{"ub_ctt_via":"","_mi_skip_tracking":false},"categories":[6],"tags":[4720,2394],"featured_image_src":"https:\/\/www.messinaoggi.it\/website\/wp-content\/uploads\/2022\/07\/f0f5f52b-5a4b-4cd9-a464-a3d74dd6d4f8.jpg","author_info":{"display_name":"red..me","author_link":"https:\/\/www.messinaoggi.it\/website\/author\/redstage\/"},"digistream_id":0,"digistream":false,"_links":{"self":[{"href":"https:\/\/www.messinaoggi.it\/website\/wp-json\/wp\/v2\/posts\/115536"}],"collection":[{"href":"https:\/\/www.messinaoggi.it\/website\/wp-json\/wp\/v2\/posts"}],"about":[{"href":"https:\/\/www.messinaoggi.it\/website\/wp-json\/wp\/v2\/types\/post"}],"author":[{"embeddable":true,"href":"https:\/\/www.messinaoggi.it\/website\/wp-json\/wp\/v2\/users\/8"}],"replies":[{"embeddable":true,"href":"https:\/\/www.messinaoggi.it\/website\/wp-json\/wp\/v2\/comments?post=115536"}],"version-history":[{"count":2,"href":"https:\/\/www.messinaoggi.it\/website\/wp-json\/wp\/v2\/posts\/115536\/revisions"}],"predecessor-version":[{"id":179333,"href":"https:\/\/www.messinaoggi.it\/website\/wp-json\/wp\/v2\/posts\/115536\/revisions\/179333"}],"wp:featuredmedia":[{"embeddable":true,"href":"https:\/\/www.messinaoggi.it\/website\/wp-json\/wp\/v2\/media\/115537"}],"wp:attachment":[{"href":"https:\/\/www.messinaoggi.it\/website\/wp-json\/wp\/v2\/media?parent=115536"}],"wp:term":[{"taxonomy":"category","embeddable":true,"href":"https:\/\/www.messinaoggi.it\/website\/wp-json\/wp\/v2\/categories?post=115536"},{"taxonomy":"post_tag","embeddable":true,"href":"https:\/\/www.messinaoggi.it\/website\/wp-json\/wp\/v2\/tags?post=115536"}],"curies":[{"name":"wp","href":"https:\/\/api.w.org\/{rel}","templated":true}]}}