{"id":115353,"date":"2022-07-21T13:17:50","date_gmt":"2022-07-21T11:17:50","guid":{"rendered":"https:\/\/www.messinaoggi.it\/website\/2022\/07\/21\/percorso-della-memoria-il-capo-della-polizia-giannini-a-palermo\/"},"modified":"2022-07-21T13:17:50","modified_gmt":"2022-07-21T11:17:50","slug":"percorso-della-memoria-il-capo-della-polizia-giannini-a-palermo","status":"publish","type":"post","link":"https:\/\/www.messinaoggi.it\/website\/2022\/07\/21\/percorso-della-memoria-il-capo-della-polizia-giannini-a-palermo\/","title":{"rendered":"\u201cPercorso della memoria\u201d, il capo della Polizia Giannini a Palermo"},"content":{"rendered":"<div>\n<p>PALERMO (ITALPRESS) \u2013 Il capo della Polizia, Lamberto Giannini, ha partecipato all\u2019inaugurazione presso la Questura di Palermo dei corridoi sotterranei del complesso di Santa Elisabetta, al cui interno \u00e8 stato allestito un itinerario fotografico, il \u201cPercorso della memoria\u201d, nella quale sono state inserite le fotografie e le storie di dieci agenti della squadra mobile che hanno pagato con la vita la loro lotta contro la Mafia e la criminalit\u00e0. In un giorno simbolico come quello dell\u2019anniversario della morte di Boris Giuliano, capo della squadra mobile del capoluogo siciliano ucciso dalla Mafia in un agguato il 21 luglio 1979, Giannini ha voluto sottolineare l\u2019importanza della memoria per le nuove generazioni. <br \/>\u201cE\u2019 fondamentale rendere onore a queste persone e far conoscere agli altri esperienze e storie di servitori dello Stato che hanno fatto il massimo fino all\u2019estremo sacrificio \u2013 ha detto Giannini ai cronisti \u2013 Credo che con il loro esempio e il loro insegnamento vadano ricordati, perch\u00e8 cos\u00ec continuano il loro servizio nei confronti dei ragazzi e le nuove generazioni che capiscono cosa \u00e8 stata e cosa \u00e8 ora la lotta alla Mafia e quanto si possa andare avanti nel proprio dovere fino a perdere la vita\u201d. Al taglio del nastro nell\u2019atrio della squadra mobile della Questura palermitana, presente anche il presidente dell\u2019Ars, Gianfranco Miccich\u00e8, accanto alle altre autorit\u00e0 quali il Prefetto Giuseppe Forlani, oltre al Questore Leopoldo Laricchia e al direttore centrale anticrimine della Polizia, Francesco Messina, che hanno successivamente preso la parola. <br \/>\u201cUn\u2019idea nata dalla squadra mobile in un luogo simbolo di Palermo. Il percorso ricorda dieci caduti della squadra mobile \u2013 ha spiegato Laricchia \u2013 Vogliamo continuare ad aprire la Questura alla citt\u00e0 e alla societ\u00e0 civile\u201d. \u201cLa squadra mobile di Palermo \u00e8 un ufficio che ha una forza simbolica. La memoria di chi ha fatto un percorso in un epoca in cui non tutto il paese era conscio del pericoloso mafioso \u00e8 doverosa \u2013 ha chiosato Messina \u2013 Dobbiamo ricordare i pionieri, gli eroici colleghi, che ci hanno consentito di arrivare ai risultati raggiunti\u201d.<div id=\"div-gpt-ad-Messinaoggi.it-DSK-300x250-corpoart\" style=\"text-align:center;margin:0 auto;\"><\/div><\/p>\n<p>\u2013 foto: xd7<div id=\"videoincontent\" style=\"clear:both\";><\/div><\/p>\n<p>(ITALPRESS).<\/p>\n<\/div>\n","protected":false},"excerpt":{"rendered":"<p>PALERMO (ITALPRESS) \u2013 Il capo della Polizia, Lamberto Giannini, ha partecipato all\u2019inaugurazione presso la Questura di Palermo dei corridoi sotterranei del complesso di Santa Elisabetta, al cui interno \u00e8 stato allestito un itinerario fotografico, il \u201cPercorso della memoria\u201d, nella quale sono state inserite le fotografie e le storie di dieci agenti della squadra mobile che [&hellip;]<\/p>\n","protected":false},"author":18,"featured_media":115354,"comment_status":"closed","ping_status":"closed","sticky":false,"template":"","format":"standard","meta":{"ub_ctt_via":"","_mi_skip_tracking":false},"categories":[2449],"tags":[783],"featured_image_src":"https:\/\/www.messinaoggi.it\/website\/wp-content\/uploads\/2022\/07\/20220721_0794.jpg","author_info":{"display_name":"Admin","author_link":"https:\/\/www.messinaoggi.it\/website\/author\/admin\/"},"digistream_id":0,"digistream":false,"_links":{"self":[{"href":"https:\/\/www.messinaoggi.it\/website\/wp-json\/wp\/v2\/posts\/115353"}],"collection":[{"href":"https:\/\/www.messinaoggi.it\/website\/wp-json\/wp\/v2\/posts"}],"about":[{"href":"https:\/\/www.messinaoggi.it\/website\/wp-json\/wp\/v2\/types\/post"}],"author":[{"embeddable":true,"href":"https:\/\/www.messinaoggi.it\/website\/wp-json\/wp\/v2\/users\/18"}],"replies":[{"embeddable":true,"href":"https:\/\/www.messinaoggi.it\/website\/wp-json\/wp\/v2\/comments?post=115353"}],"version-history":[{"count":0,"href":"https:\/\/www.messinaoggi.it\/website\/wp-json\/wp\/v2\/posts\/115353\/revisions"}],"wp:featuredmedia":[{"embeddable":true,"href":"https:\/\/www.messinaoggi.it\/website\/wp-json\/wp\/v2\/media\/115354"}],"wp:attachment":[{"href":"https:\/\/www.messinaoggi.it\/website\/wp-json\/wp\/v2\/media?parent=115353"}],"wp:term":[{"taxonomy":"category","embeddable":true,"href":"https:\/\/www.messinaoggi.it\/website\/wp-json\/wp\/v2\/categories?post=115353"},{"taxonomy":"post_tag","embeddable":true,"href":"https:\/\/www.messinaoggi.it\/website\/wp-json\/wp\/v2\/tags?post=115353"}],"curies":[{"name":"wp","href":"https:\/\/api.w.org\/{rel}","templated":true}]}}