{"id":115319,"date":"2022-07-21T11:07:51","date_gmt":"2022-07-21T09:07:51","guid":{"rendered":"https:\/\/www.messinaoggi.it\/website\/2022\/07\/21\/tajani-draghi-ha-scelto-il-pd\/"},"modified":"2022-07-21T11:07:51","modified_gmt":"2022-07-21T09:07:51","slug":"tajani-draghi-ha-scelto-il-pd","status":"publish","type":"post","link":"https:\/\/www.messinaoggi.it\/website\/2022\/07\/21\/tajani-draghi-ha-scelto-il-pd\/","title":{"rendered":"Tajani \u201cDraghi ha scelto il Pd\u201d"},"content":{"rendered":"<div>ROMA (ITALPRESS) &#8211; &#8220;Abbiamo chiesto a Draghi di rimanere alla guida del Governo, ma senza il M5S, in sintonia con quanto lui ha deciso di fare salendo al Quirinale per dimettersi dopo che il M5S non aveva votato la fiducia al Governo sul Decreto aiuti&#8221;. Lo ha detto il coordinatore nazionale di Forza Italia, Antonio Tajani, ai microfoni di Non Stop News su Rtl 102.5.<br \/>&#8220;Draghi si \u00e8 dimesso perch\u00e8 il M5S non gli aveva dato la fiducia, noi abbiamo detto che se uno non d\u00e0 la fiducia in un momento cos\u00ec complicato vuol dire che \u00e8 fuori dal Governo&#8221;, ha spiegato Tajani. &#8220;Abbiamo detto andiamo avanti con Draghi Presidente del Consiglio, ma senza il M5S che stava combinando una serie di guai. Ma non abbiamo mai chiesto a Draghi di dimettersi \u00e8 stata una sua scelta, l&#8217;abbiamo sostenuto dicendo: rimani in sella senza i grillini&#8221;, ha aggiunto.<br \/>&#8220;Il discorso di Draghi \u00e8 stato chiaro: diamo vita a un nuovo patto di Governo per andare avanti &#8211; ha spiegato Tajani -. Noi abbiamo accolto il suo invito a un nuovo patto, l&#8217;ha fatto tutto il centrodestra di Governo anche depositando una risoluzione in Senato frutto del nuovo patto che lui chiede, ma senza il M5S. Poi \u00e8 stata fatta una risoluzione proposta dal senatore eletto dal Pd, Draghi ha posto la fiducia rifiutando la nostra proposta. Noi avevamo detto che non avremmo mai votato un documento diverso del nostro, la scelta \u00e8 stata quella di sostenere un documento di un senatore del Pd. In quel momento ha scelto il Pd e non una forza che \u00e8 il centrodestra per andare avanti&#8221;.<br \/>&#8220;E&#8217; una scelta della Gelmini quella di andare via, sono rimasto sorpreso, ha ricevuto tanto da Berlusconi, capo delegazione di Forza Italia, oltre ad essere ministro. Ha dato tanto come tutti noi. Credo che se c&#8217;\u00e8 qualcosa che non va, si debba rimanere perch\u00e8 si \u00e8 eletti da Forza Italia. Chi \u00e8 andato via da Forza Italia \u00e8 scomparso dalla vita politica&#8221;, ha aggiunto Tajani, che all&#8217;accusa della Gelmini a Forza Italia di essere schiava di Salvini risponde: &#8220;Non siamo schiavi di nessuno, mi sembra una scusa dettata forse dal nervosismo&#8221;.<div id=\"div-gpt-ad-Messinaoggi.it-DSK-300x250-corpoart\" style=\"text-align:center;margin:0 auto;\"><\/div><\/p>\n<p>&#8211; foto agenziafotogramma.it &#8211;<div id=\"videoincontent\" style=\"clear:both\";><\/div><\/p>\n<p>(ITALPRESS).<\/p><\/div>\n","protected":false},"excerpt":{"rendered":"<p>ROMA (ITALPRESS) &#8211; &#8220;Abbiamo chiesto a Draghi di rimanere alla guida del Governo, ma senza il M5S, in sintonia con quanto lui ha deciso di fare salendo al Quirinale per dimettersi dopo che il M5S non aveva votato la fiducia al Governo sul Decreto aiuti&#8221;. Lo ha detto il coordinatore nazionale di Forza Italia, Antonio [&hellip;]<\/p>\n","protected":false},"author":18,"featured_media":115320,"comment_status":"closed","ping_status":"closed","sticky":false,"template":"","format":"standard","meta":{"ub_ctt_via":"","_mi_skip_tracking":false},"categories":[446],"tags":[783],"featured_image_src":"https:\/\/www.messinaoggi.it\/website\/wp-content\/uploads\/2022\/07\/20220721_0199.jpg","author_info":{"display_name":"Admin","author_link":"https:\/\/www.messinaoggi.it\/website\/author\/admin\/"},"digistream_id":0,"digistream":false,"_links":{"self":[{"href":"https:\/\/www.messinaoggi.it\/website\/wp-json\/wp\/v2\/posts\/115319"}],"collection":[{"href":"https:\/\/www.messinaoggi.it\/website\/wp-json\/wp\/v2\/posts"}],"about":[{"href":"https:\/\/www.messinaoggi.it\/website\/wp-json\/wp\/v2\/types\/post"}],"author":[{"embeddable":true,"href":"https:\/\/www.messinaoggi.it\/website\/wp-json\/wp\/v2\/users\/18"}],"replies":[{"embeddable":true,"href":"https:\/\/www.messinaoggi.it\/website\/wp-json\/wp\/v2\/comments?post=115319"}],"version-history":[{"count":0,"href":"https:\/\/www.messinaoggi.it\/website\/wp-json\/wp\/v2\/posts\/115319\/revisions"}],"wp:featuredmedia":[{"embeddable":true,"href":"https:\/\/www.messinaoggi.it\/website\/wp-json\/wp\/v2\/media\/115320"}],"wp:attachment":[{"href":"https:\/\/www.messinaoggi.it\/website\/wp-json\/wp\/v2\/media?parent=115319"}],"wp:term":[{"taxonomy":"category","embeddable":true,"href":"https:\/\/www.messinaoggi.it\/website\/wp-json\/wp\/v2\/categories?post=115319"},{"taxonomy":"post_tag","embeddable":true,"href":"https:\/\/www.messinaoggi.it\/website\/wp-json\/wp\/v2\/tags?post=115319"}],"curies":[{"name":"wp","href":"https:\/\/api.w.org\/{rel}","templated":true}]}}