{"id":115313,"date":"2022-07-21T10:17:28","date_gmt":"2022-07-21T08:17:28","guid":{"rendered":"http:\/\/www.messinaoggi.it\/website\/?p=115313"},"modified":"2022-07-21T10:17:29","modified_gmt":"2022-07-21T08:17:29","slug":"caos-allirccs-ferie-sospese-insorge-la-uil-fpl","status":"publish","type":"post","link":"https:\/\/www.messinaoggi.it\/website\/2022\/07\/21\/caos-allirccs-ferie-sospese-insorge-la-uil-fpl\/","title":{"rendered":"Caos all&#8217;Irccs, ferie sospese: insorge la Uil-Fpl"},"content":{"rendered":"\n<p>La Uil-Fpl, attraverso una nota indirizzata al Commissario straordinario dell\u2019IRCCS-Neurolesi, denuncia il caos organizzativo dell\u2019azienda ospedaliera. Allo stesso tempo, la nota firmata da<strong> Livio Andronico<\/strong> (segretario generale), <strong>Corrado Lamanna<\/strong> (coordinatore provinciale area medica), <strong>Maurizio Celona<\/strong> e <strong>Nino Nunnari<\/strong>, rispettivamente segretario aziendale di Piemonte ed Irccs-Neurolesi, diffidano inoltre l\u2019azienda a revocare la disposizione che impedisce al personale di usufruire delle ferie. <div id=\"div-gpt-ad-Messinaoggi.it-DSK-300x250-corpoart\" style=\"text-align:center;margin:0 auto;\"><\/div><\/p>\n\n\n\n<p>\u201cLa scrivente organizzazione sindacale &#8211; si legge nella nota -, attraverso le segnalazioni di numerosi lavoratori, \u00e8 venuta a conoscenza che il direttore sanitario, in data odierna, con nota prot. 8961, inviata a tutti i dipendenti attraverso la Mail Aziendale, ha sospeso temporaneamente le ferie al personale medico, infermieristico, OSS, Ausiliario ed Autista d\u2019Ambulanze, al fine di garantire sufficienti livelli di assistenza, stante l\u2019esponenziale aumento di contagi da SARS-CoV 2 tra il personale dipendente. Ci\u00f2 premesso, la scrivente organizzazione sindacale, ritiene, che tale decisione, sia alquanto inopportuna ed altamente provocatoria per i lavoratori, stante che, da tempo all\u2019interno di codesto IRCCS imperversa uno stato di caos organizzativo e certamente non pu\u00f2 essere il personale, ad oggi fortemente stressato, a pagarne le spese. Inoltre, come gi\u00e0 denunziato con precedente nota, non si riesce a comprendere perch\u00e9 il personale vaccinato, negativo al tampone, sol perch\u00e9 ha un familiare positivo, in violazione della normativa vigente, deve stare a casa per numerosi giorni, creando danni all\u2019organizzazione del lavoro nei vari reparti. Si fa altres\u00ec presente, che codesta amministrazione, nonostante varie segnalazioni, non \u00e8 mai intervenuta, per evitare la commistione di personale che, avviene negli spogliatoi, tra personale COVID e NON COVID. Da sottolineare anche che nei medesimi luoghi, gli operatori, sono a rischio contagio perch\u00e9 grondano di sudore, per la temperatura elevata, in quanto i condizionatori disinstallati , non sono mai stati sostituiti. Pertanto, per quanto sopra, ritenendo che al personale di codesto IRCCS, non pu\u00f2 essere chiesto questo ulteriore sacrificio, si diffida codesta amministrazione a revocare con effetto immediato tale disposizione e nel contempo si chiede l\u2019assunzione di tutto il personale necessario, per garantire in sicurezza la continuit\u00e0 assistenziale\u201d. <div id=\"videoincontent\" style=\"clear:both\";><\/div><\/p>\n\n\n\n<p>Conclude la nota sindacale.<\/p>\n","protected":false},"excerpt":{"rendered":"<p>La Uil-Fpl, attraverso una nota indirizzata al Commissario straordinario dell\u2019IRCCS-Neurolesi, denuncia il caos organizzativo dell\u2019azienda ospedaliera. Allo stesso tempo, la nota firmata da Livio Andronico (segretario generale), Corrado Lamanna (coordinatore provinciale area medica), Maurizio Celona e Nino Nunnari, rispettivamente segretario aziendale di Piemonte ed Irccs-Neurolesi, diffidano inoltre l\u2019azienda a revocare la disposizione che impedisce al [&hellip;]<\/p>\n","protected":false},"author":2,"featured_media":112529,"comment_status":"open","ping_status":"open","sticky":false,"template":"","format":"standard","meta":{"ub_ctt_via":"","_mi_skip_tracking":false},"categories":[5],"tags":[2462,113,937],"featured_image_src":"https:\/\/www.messinaoggi.it\/website\/wp-content\/uploads\/2022\/06\/unnamed-1-scaled-e1656410520153.jpg","author_info":{"display_name":"Redazione","author_link":"https:\/\/www.messinaoggi.it\/website\/author\/redazione\/"},"digistream_id":0,"digistream":false,"_links":{"self":[{"href":"https:\/\/www.messinaoggi.it\/website\/wp-json\/wp\/v2\/posts\/115313"}],"collection":[{"href":"https:\/\/www.messinaoggi.it\/website\/wp-json\/wp\/v2\/posts"}],"about":[{"href":"https:\/\/www.messinaoggi.it\/website\/wp-json\/wp\/v2\/types\/post"}],"author":[{"embeddable":true,"href":"https:\/\/www.messinaoggi.it\/website\/wp-json\/wp\/v2\/users\/2"}],"replies":[{"embeddable":true,"href":"https:\/\/www.messinaoggi.it\/website\/wp-json\/wp\/v2\/comments?post=115313"}],"version-history":[{"count":1,"href":"https:\/\/www.messinaoggi.it\/website\/wp-json\/wp\/v2\/posts\/115313\/revisions"}],"predecessor-version":[{"id":115314,"href":"https:\/\/www.messinaoggi.it\/website\/wp-json\/wp\/v2\/posts\/115313\/revisions\/115314"}],"wp:featuredmedia":[{"embeddable":true,"href":"https:\/\/www.messinaoggi.it\/website\/wp-json\/wp\/v2\/media\/112529"}],"wp:attachment":[{"href":"https:\/\/www.messinaoggi.it\/website\/wp-json\/wp\/v2\/media?parent=115313"}],"wp:term":[{"taxonomy":"category","embeddable":true,"href":"https:\/\/www.messinaoggi.it\/website\/wp-json\/wp\/v2\/categories?post=115313"},{"taxonomy":"post_tag","embeddable":true,"href":"https:\/\/www.messinaoggi.it\/website\/wp-json\/wp\/v2\/tags?post=115313"}],"curies":[{"name":"wp","href":"https:\/\/api.w.org\/{rel}","templated":true}]}}