{"id":115301,"date":"2022-07-21T09:01:27","date_gmt":"2022-07-21T07:01:27","guid":{"rendered":"http:\/\/www.messinaoggi.it\/website\/?p=115301"},"modified":"2022-07-21T09:01:30","modified_gmt":"2022-07-21T07:01:30","slug":"barcellona-intitolata-via-al-carabiniere-la-spada","status":"publish","type":"post","link":"https:\/\/www.messinaoggi.it\/website\/2022\/07\/21\/barcellona-intitolata-via-al-carabiniere-la-spada\/","title":{"rendered":"Barcellona, intitolata via al carabiniere La Spada"},"content":{"rendered":"\n<p>Intitolata a Barcellona una via al carabiniere La Spada. Ieri, alla presenza del vice prefetto vicario Patrizia Adorno, del comandante provinciale dei Carabinieri di Messina Marco Carletti, del sindaco di Barcellona Pozzo di Gotto Giuseppe Calabr\u00f2 e delle massime autorit\u00e0 civili e religiose, si \u00e8 svolta la cerimonia per l\u2019intitolazione di una via, trasversale alla via Immacolata, alla memoria del carabiniere Medaglia d\u2019Argento al Valor Civile \u201calla memoria\u201d Pantaleo Mario La Spada.<div id=\"div-gpt-ad-Messinaoggi.it-DSK-300x250-corpoart\" style=\"text-align:center;margin:0 auto;\"><\/div><\/p>\n\n\n\n<p>La cerimonia ha avuto inizio con il ricordo di quella tragica sera del 24 settembre 1985, quando il carabiniere Pantaleo Mario La Spada \u201cin servizio di pattuglia automontata con pari grado, avuta notizia che in una gioielleria sita nel centro abitato della citt\u00e0 era in corso una rapina, accorreva prontamente sul posto e, dando prova di ferma determinazione e sereno sprezzo del pericolo, ha affrontato armi in pugno i malviventi, venendo per\u00f2 ferito a morte da due colpi di fucile proditoriamente esplosi da complice rimasto defilato all\u2019esterno\u201d. <div id=\"videoincontent\" style=\"clear:both\";><\/div><\/p>\n\n\n\n<figure class=\"wp-block-image size-large\"><img loading=\"lazy\" width=\"1024\" height=\"681\" src=\"http:\/\/www.messinaoggi.it\/website\/wp-content\/uploads\/2022\/07\/Cerimonia-intitolazione-via-Car.-LA-SPADA-1-1024x681.jpg\" alt=\"\" class=\"wp-image-115302\" srcset=\"https:\/\/www.messinaoggi.it\/website\/wp-content\/uploads\/2022\/07\/Cerimonia-intitolazione-via-Car.-LA-SPADA-1-1024x681.jpg 1024w, https:\/\/www.messinaoggi.it\/website\/wp-content\/uploads\/2022\/07\/Cerimonia-intitolazione-via-Car.-LA-SPADA-1-300x200.jpg 300w, https:\/\/www.messinaoggi.it\/website\/wp-content\/uploads\/2022\/07\/Cerimonia-intitolazione-via-Car.-LA-SPADA-1-768x511.jpg 768w, https:\/\/www.messinaoggi.it\/website\/wp-content\/uploads\/2022\/07\/Cerimonia-intitolazione-via-Car.-LA-SPADA-1.jpg 1148w\" sizes=\"(max-width: 1024px) 100vw, 1024px\" \/><\/figure>\n\n\n\n<p>Dopo lo scoprimento della targa toponomastica e di quella commemorativa, entrambi intitolate al carabiniere caduto in servizio, quest\u2019ultima donata dall\u2019Associazione Nazionale Carabinieri di Barcellona, il Cappellano Militare don Rosario Scibilia, dopo le note del \u201csilenzio\u201d ha benedetto le targhe rivolgendo una preghiera a tutti i caduti nell\u2019adempimento del dovere.<\/p>\n\n\n\n<p>Durante la cerimonia cui hanno preso parte anche i familiari del decorato carabiniere ed una rappresentanza dell\u2019Arma in servizio e dell\u2019Associazione Nazionale Carabinieri in congedo della Sezione di Barcellona Pozzo di Gotto, intitolata proprio al Carabiniere La Spada, sono intervenuti il sindaco di Barcellona che ha voluto ringraziare l\u2019Arma dei carabinieri per il quotidiano supporto verso la cittadinanza e successivamente il comandante provinciale dei carabinieri di Messina, colonnello Marco Carletti, che ha rivolto un sentito ringraziamento alle autorit\u00e0 civili, in particolare il sindaco di Barcellona Pozzo di Gotto, per la stima riposta verso l\u2019Arma dei carabinieri, suggellata con l\u2019intitolazione di una via alla memoria di un carabiniere caduto nell\u2019adempimento del proprio dovere. <\/p>\n\n\n\n<p>Al termine della cerimonia, tra l\u2019evidente commozione, ha preso la parola Francesco La Spada, figlio del carabiniere caduto, che ha ringraziato l\u2019amministrazione comunale per aver onorato la memoria del padre con l\u2019intitolazione di una via e l\u2019Associazione Nazionale Carabinieri di Barcellona per il quotidiano impegno nella cura della memoria del proprio caro.<\/p>\n","protected":false},"excerpt":{"rendered":"<p>Intitolata a Barcellona una via al carabiniere La Spada. Ieri, alla presenza del vice prefetto vicario Patrizia Adorno, del comandante provinciale dei Carabinieri di Messina Marco Carletti, del sindaco di Barcellona Pozzo di Gotto Giuseppe Calabr\u00f2 e delle massime autorit\u00e0 civili e religiose, si \u00e8 svolta la cerimonia per l\u2019intitolazione di una via, trasversale alla [&hellip;]<\/p>\n","protected":false},"author":8,"featured_media":115303,"comment_status":"open","ping_status":"open","sticky":false,"template":"","format":"standard","meta":{"ub_ctt_via":"","_mi_skip_tracking":false},"categories":[13,14],"tags":[2035,4820],"featured_image_src":"https:\/\/www.messinaoggi.it\/website\/wp-content\/uploads\/2022\/07\/Cerimonia-intitolazione-via-Car.-LA-SPADA-3.jpg","author_info":{"display_name":"red..me","author_link":"https:\/\/www.messinaoggi.it\/website\/author\/redstage\/"},"digistream_id":0,"digistream":false,"_links":{"self":[{"href":"https:\/\/www.messinaoggi.it\/website\/wp-json\/wp\/v2\/posts\/115301"}],"collection":[{"href":"https:\/\/www.messinaoggi.it\/website\/wp-json\/wp\/v2\/posts"}],"about":[{"href":"https:\/\/www.messinaoggi.it\/website\/wp-json\/wp\/v2\/types\/post"}],"author":[{"embeddable":true,"href":"https:\/\/www.messinaoggi.it\/website\/wp-json\/wp\/v2\/users\/8"}],"replies":[{"embeddable":true,"href":"https:\/\/www.messinaoggi.it\/website\/wp-json\/wp\/v2\/comments?post=115301"}],"version-history":[{"count":1,"href":"https:\/\/www.messinaoggi.it\/website\/wp-json\/wp\/v2\/posts\/115301\/revisions"}],"predecessor-version":[{"id":115304,"href":"https:\/\/www.messinaoggi.it\/website\/wp-json\/wp\/v2\/posts\/115301\/revisions\/115304"}],"wp:featuredmedia":[{"embeddable":true,"href":"https:\/\/www.messinaoggi.it\/website\/wp-json\/wp\/v2\/media\/115303"}],"wp:attachment":[{"href":"https:\/\/www.messinaoggi.it\/website\/wp-json\/wp\/v2\/media?parent=115301"}],"wp:term":[{"taxonomy":"category","embeddable":true,"href":"https:\/\/www.messinaoggi.it\/website\/wp-json\/wp\/v2\/categories?post=115301"},{"taxonomy":"post_tag","embeddable":true,"href":"https:\/\/www.messinaoggi.it\/website\/wp-json\/wp\/v2\/tags?post=115301"}],"curies":[{"name":"wp","href":"https:\/\/api.w.org\/{rel}","templated":true}]}}