{"id":115252,"date":"2022-07-20T18:07:54","date_gmt":"2022-07-20T16:07:54","guid":{"rendered":"https:\/\/www.messinaoggi.it\/website\/2022\/07\/20\/draghi-mai-chiesto-pieni-poteri-rispetto-il-parlamento\/"},"modified":"2022-07-20T18:51:51","modified_gmt":"2022-07-20T16:51:51","slug":"draghi-mai-chiesto-pieni-poteri-rispetto-il-parlamento","status":"publish","type":"post","link":"https:\/\/www.messinaoggi.it\/website\/2022\/07\/20\/draghi-mai-chiesto-pieni-poteri-rispetto-il-parlamento\/","title":{"rendered":"Draghi \u201cMai chiesto pieni poteri, rispetto il Parlamento\u201d"},"content":{"rendered":"<div>ROMA (ITALPRESS) &#8211; Il sostegno avuto in favore della prosecuzione del governo mi &#8220;ha indotto a proporre o riproporre il patto di coalizione e sottoporlo al vostro voto, siete voi che decidete. Quindi niente richieste di pieni poteri&#8221;. Cos\u00ec il presidente del Consiglio, Mario Draghi, nel corso delle sue repliche nell&#8217;Aula del Senato. Il premier, nel porre la fiducia sulla proposta di risoluzione presentata dal senatore Casini che prevede l&#8217;approvazione delle comunicazioni, ringrazia tutti coloro che hanno sostenuto l&#8217;operato del governo con &#8220;lealt\u00e0, collaborazione e partecipazione&#8221;. Qualcuno ha fatto delle osservazioni &#8220;su alcune parole espresse da me con cui sembro quasi mettere in discussione la natura della nostra democrazia, la democrazia \u00e8 parlamentare ed \u00e8 la democrazia che rispetto e in cui mi riconosco&#8221;.<br \/>Sono pochi i punti sollevati dai senatori a cui Draghi risponde: &#8220;A chi dice perch\u00e8 il governo non \u00e8 intervenuto sullo ius soli, sulla cannabis, ddl Zan. Voglio essere chiaro: il governo ha deciso di non intervenire per la sua natura di unit\u00e0 nazionale nei temi di origine parlamentare. Sul salario minimo &#8211;  evidenzia &#8211; c&#8217;\u00e8 una proposta in corso di approvazione a livello della Commissione europea, abbiamo aperto un tavolo con sindacati e Confindustria. Credo si possa arrivare a una proposta di salario minimo che non veda l&#8217;imposizione, il diktat, del governo sul contratto di lavoro. Sul reddito di cittadinanza ho sempre detto che \u00e8 una cosa buona, ma se non funziona \u00e8 una cosa cattiva&#8221;. Infine un chiarimento sul superbonus che, secondo il presidente, &#8220;non \u00e8 il problema&#8221; ma lo sono i meccanismi di cessione disegnati, chi ha disegnato i meccanismi di cessione senza discrimine e discernimento sono loro i colpevoli di questa situazione in cui migliaia di imprese stanno aspettando i crediti. Ora bisogna riparare dal malfatto e tirare fuori quelle imprese in difficolt\u00e0&#8221;, conclude.<div id=\"div-gpt-ad-Messinaoggi.it-DSK-300x250-corpoart\" style=\"text-align:center;margin:0 auto;\"><\/div><\/p>\n<p>&#8211; foto agenziafotogramma.it &#8211;<div id=\"videoincontent\" style=\"clear:both\";><\/div><\/p>\n<p>(ITALPRESS).<\/p><\/div>\n","protected":false},"excerpt":{"rendered":"<p>ROMA (ITALPRESS) &#8211; Il sostegno avuto in favore della prosecuzione del governo mi &#8220;ha indotto a proporre o riproporre il patto di coalizione e sottoporlo al vostro voto, siete voi che decidete. Quindi niente richieste di pieni poteri&#8221;. Cos\u00ec il presidente del Consiglio, Mario Draghi, nel corso delle sue repliche nell&#8217;Aula del Senato. Il premier, [&hellip;]<\/p>\n","protected":false},"author":18,"featured_media":115253,"comment_status":"closed","ping_status":"closed","sticky":false,"template":"","format":"standard","meta":{"ub_ctt_via":"","_mi_skip_tracking":false},"categories":[446,4],"tags":[783],"featured_image_src":"https:\/\/www.messinaoggi.it\/website\/wp-content\/uploads\/2022\/07\/20220720_2252.jpg","author_info":{"display_name":"Admin","author_link":"https:\/\/www.messinaoggi.it\/website\/author\/admin\/"},"digistream_id":0,"digistream":false,"_links":{"self":[{"href":"https:\/\/www.messinaoggi.it\/website\/wp-json\/wp\/v2\/posts\/115252"}],"collection":[{"href":"https:\/\/www.messinaoggi.it\/website\/wp-json\/wp\/v2\/posts"}],"about":[{"href":"https:\/\/www.messinaoggi.it\/website\/wp-json\/wp\/v2\/types\/post"}],"author":[{"embeddable":true,"href":"https:\/\/www.messinaoggi.it\/website\/wp-json\/wp\/v2\/users\/18"}],"replies":[{"embeddable":true,"href":"https:\/\/www.messinaoggi.it\/website\/wp-json\/wp\/v2\/comments?post=115252"}],"version-history":[{"count":1,"href":"https:\/\/www.messinaoggi.it\/website\/wp-json\/wp\/v2\/posts\/115252\/revisions"}],"predecessor-version":[{"id":115257,"href":"https:\/\/www.messinaoggi.it\/website\/wp-json\/wp\/v2\/posts\/115252\/revisions\/115257"}],"wp:featuredmedia":[{"embeddable":true,"href":"https:\/\/www.messinaoggi.it\/website\/wp-json\/wp\/v2\/media\/115253"}],"wp:attachment":[{"href":"https:\/\/www.messinaoggi.it\/website\/wp-json\/wp\/v2\/media?parent=115252"}],"wp:term":[{"taxonomy":"category","embeddable":true,"href":"https:\/\/www.messinaoggi.it\/website\/wp-json\/wp\/v2\/categories?post=115252"},{"taxonomy":"post_tag","embeddable":true,"href":"https:\/\/www.messinaoggi.it\/website\/wp-json\/wp\/v2\/tags?post=115252"}],"curies":[{"name":"wp","href":"https:\/\/api.w.org\/{rel}","templated":true}]}}