{"id":115216,"date":"2022-07-20T16:36:08","date_gmt":"2022-07-20T14:36:08","guid":{"rendered":"http:\/\/www.messinaoggi.it\/website\/?p=115216"},"modified":"2022-07-20T16:37:37","modified_gmt":"2022-07-20T14:37:37","slug":"sabato-23-presentazione-del-4-premio-messina-cinema","status":"publish","type":"post","link":"https:\/\/www.messinaoggi.it\/website\/2022\/07\/20\/sabato-23-presentazione-del-4-premio-messina-cinema\/","title":{"rendered":"Sabato 23 presentazione del 4\u00b0 \u201cPremio Messina Cinema\u201d"},"content":{"rendered":"\n<p>Si svolger\u00e0 sabato prossimo, alle 10 presso, presso un noto locale sito in via Consolare Pompea 14\/A, la conferenza stampa del 4\u00b0 \u201c<strong><em>Premio Messina Cinema<\/em><\/strong>\u201d. L\u2019evento, ideato e diretto dalla Dottoressa <strong>Helga Corrao <\/strong>dell\u2019Associazione Culturale \u201c<em>Messina Progetto Arte<\/em>\u201d, \u00e8 dedicato alla memoria di <strong>Andrea Camilleri<\/strong>, il \u201c<em>pap\u00e0<\/em>\u201d del Commissario Montalbano.<div id=\"div-gpt-ad-Messinaoggi.it-DSK-300x250-corpoart\" style=\"text-align:center;margin:0 auto;\"><\/div><\/p>\n\n\n\n<p>Durante la serata di gala della manifestazione, prevista per sabato 30 al\u00a0 <strong>Monte di Piet\u00e0<\/strong> (a presentarla la stessa Helga Corrao, assieme all\u2019artista <strong>Gigi Miseferi<\/strong>) e il cui ospite d\u2019onore sar\u00e0 lo stilista <strong>Martino Midali<\/strong> &#8211; accompagnato dalla nota giornalista e scrittrice messinese <strong>Cinzia Alibrandi<\/strong> &#8211;\u00a0l\u2019\u00a0Associazione \u201c<em>Donare \u00e8 vita<\/em>\u201d proceder\u00e0 alla consegna dei riconoscimenti a\u00a0 personaggi che si sono distinti per la \u201c<em>Solidariet\u00e0 nel sociale sul territorio<\/em>\u201d.<div id=\"videoincontent\" style=\"clear:both\";><\/div><\/p>\n\n\n\n<p>Un convegno collegato al Premio \u00e8 quello su \u201c<em>Il sacro, l\u2019arte e il cinema<\/em>\u201d che si svolger\u00e0 venerd\u00ec 29, alle 18, presso la Chiesa S. Giovanni di Malta, laddove lo stilista Midali presenter\u00e0 il proprio libro \u201c<strong><em>La Storia della mia vita<\/em><\/strong>\u201d, attraverso un dialogo con la giornalista Alibrandi.<\/p>\n","protected":false},"excerpt":{"rendered":"<p>Si svolger\u00e0 sabato prossimo, alle 10 presso, presso un noto locale sito in via Consolare Pompea 14\/A, la conferenza stampa del 4\u00b0 \u201cPremio Messina Cinema\u201d. L\u2019evento, ideato e diretto dalla Dottoressa Helga Corrao dell\u2019Associazione Culturale \u201cMessina Progetto Arte\u201d, \u00e8 dedicato alla memoria di Andrea Camilleri, il \u201cpap\u00e0\u201d del Commissario Montalbano. Durante la serata di gala [&hellip;]<\/p>\n","protected":false},"author":11,"featured_media":115217,"comment_status":"open","ping_status":"open","sticky":false,"template":"","format":"standard","meta":{"ub_ctt_via":"","_mi_skip_tracking":false},"categories":[16],"tags":[],"featured_image_src":"https:\/\/www.messinaoggi.it\/website\/wp-content\/uploads\/2022\/07\/IMG-20220718-WA0045.jpg","author_info":{"display_name":"redsport","author_link":"https:\/\/www.messinaoggi.it\/website\/author\/redsport\/"},"digistream_id":0,"digistream":false,"_links":{"self":[{"href":"https:\/\/www.messinaoggi.it\/website\/wp-json\/wp\/v2\/posts\/115216"}],"collection":[{"href":"https:\/\/www.messinaoggi.it\/website\/wp-json\/wp\/v2\/posts"}],"about":[{"href":"https:\/\/www.messinaoggi.it\/website\/wp-json\/wp\/v2\/types\/post"}],"author":[{"embeddable":true,"href":"https:\/\/www.messinaoggi.it\/website\/wp-json\/wp\/v2\/users\/11"}],"replies":[{"embeddable":true,"href":"https:\/\/www.messinaoggi.it\/website\/wp-json\/wp\/v2\/comments?post=115216"}],"version-history":[{"count":3,"href":"https:\/\/www.messinaoggi.it\/website\/wp-json\/wp\/v2\/posts\/115216\/revisions"}],"predecessor-version":[{"id":115220,"href":"https:\/\/www.messinaoggi.it\/website\/wp-json\/wp\/v2\/posts\/115216\/revisions\/115220"}],"wp:featuredmedia":[{"embeddable":true,"href":"https:\/\/www.messinaoggi.it\/website\/wp-json\/wp\/v2\/media\/115217"}],"wp:attachment":[{"href":"https:\/\/www.messinaoggi.it\/website\/wp-json\/wp\/v2\/media?parent=115216"}],"wp:term":[{"taxonomy":"category","embeddable":true,"href":"https:\/\/www.messinaoggi.it\/website\/wp-json\/wp\/v2\/categories?post=115216"},{"taxonomy":"post_tag","embeddable":true,"href":"https:\/\/www.messinaoggi.it\/website\/wp-json\/wp\/v2\/tags?post=115216"}],"curies":[{"name":"wp","href":"https:\/\/api.w.org\/{rel}","templated":true}]}}