{"id":115211,"date":"2022-07-20T16:07:53","date_gmt":"2022-07-20T14:07:53","guid":{"rendered":"https:\/\/www.messinaoggi.it\/website\/2022\/07\/20\/gas-dalla-commissione-ue-un-piano-per-ridurre-i-consumi-del-15\/"},"modified":"2022-07-20T16:07:53","modified_gmt":"2022-07-20T14:07:53","slug":"gas-dalla-commissione-ue-un-piano-per-ridurre-i-consumi-del-15","status":"publish","type":"post","link":"https:\/\/www.messinaoggi.it\/website\/2022\/07\/20\/gas-dalla-commissione-ue-un-piano-per-ridurre-i-consumi-del-15\/","title":{"rendered":"Gas, dalla Commissione Ue un piano per ridurre i consumi del 15%"},"content":{"rendered":"<div>BRUXELLES (BELGIO) (ITALPRESS) &#8211; Ridurre il consumo di gas in Europa del 15% fino alla prossima primavera. E&#8217; l&#8217;obiettivo di un nuovo pacchetto legislativo proposto dalla Commissione Europea.<br \/>&#8220;L&#8217;Ue corre il rischio di ulteriori tagli alla fornitura di gas dalla Russia, a causa dell&#8217;armamento delle esportazioni di gas da parte del Cremlino, con quasi la met\u00e0 dei nostri Stati membri gi\u00e0 colpiti da consegne ridotte &#8211; spiega Bruxelles in una nota -. Agire ora pu\u00f2 ridurre sia il rischio che i costi per l&#8217;Europa in caso di ulteriore o totale interruzione, rafforzando la resilienza energetica europea&#8221;.<br \/>Tutti i consumatori, le pubbliche amministrazioni, le famiglie, i proprietari di edifici pubblici, i fornitori di energia elettrica e l&#8217;industria potranno e dovranno adottare misure per risparmiare gas. La Commissione accelerer\u00e0 inoltre i lavori sulla diversificazione dell&#8217;offerta, compreso l&#8217;acquisto congiunto di gas per rafforzare la possibilit\u00e0 dell&#8217;UE di approvvigionarsi di forniture alternative.<br \/>La Commissione propone un nuovo regolamento del Consiglio sulle misure coordinate di riduzione della domanda di gas, basato sull&#8217;articolo 122 del trattato. Il nuovo regolamento fisserebbe l&#8217;obiettivo per tutti gli Stati membri di ridurre la domanda di gas del 15% tra il 1^ agosto 2022 e il 31 marzo 2023. Il nuovo regolamento darebbe inoltre alla Commissione la possibilit\u00e0 di dichiarare, previa consultazione degli Stati membri, un &#8220;allerta dell&#8217;Unione&#8221; sulla sicurezza dell&#8217;approvvigionamento, imponendo una riduzione obbligatoria della domanda di gas a tutti gli Stati membri. L&#8217;allarme dell&#8217;Unione pu\u00f2 essere attivato quando esiste un rischio sostanziale di una grave carenza di gas o di una domanda di gas eccezionalmente elevata. Gli Stati membri dovrebbero aggiornare i loro piani di emergenza nazionali entro la fine di settembre per mostrare come intendono raggiungere l&#8217;obiettivo di riduzione e dovrebbero riferire alla Commissione sui progressi ogni due mesi.<div id=\"div-gpt-ad-Messinaoggi.it-DSK-300x250-corpoart\" style=\"text-align:center;margin:0 auto;\"><\/div><\/p>\n<p>&#8211; foto agenziafotogramma.it &#8211;<div id=\"videoincontent\" style=\"clear:both\";><\/div><\/p>\n<p>(ITALPRESS).<\/p><\/div>\n","protected":false},"excerpt":{"rendered":"<p>BRUXELLES (BELGIO) (ITALPRESS) &#8211; Ridurre il consumo di gas in Europa del 15% fino alla prossima primavera. E&#8217; l&#8217;obiettivo di un nuovo pacchetto legislativo proposto dalla Commissione Europea.&#8220;L&#8217;Ue corre il rischio di ulteriori tagli alla fornitura di gas dalla Russia, a causa dell&#8217;armamento delle esportazioni di gas da parte del Cremlino, con quasi la met\u00e0 [&hellip;]<\/p>\n","protected":false},"author":18,"featured_media":115212,"comment_status":"closed","ping_status":"closed","sticky":false,"template":"","format":"standard","meta":{"ub_ctt_via":"","_mi_skip_tracking":false},"categories":[446],"tags":[783],"featured_image_src":"https:\/\/www.messinaoggi.it\/website\/wp-content\/uploads\/2022\/07\/20220720_1210.jpg","author_info":{"display_name":"Admin","author_link":"https:\/\/www.messinaoggi.it\/website\/author\/admin\/"},"digistream_id":0,"digistream":false,"_links":{"self":[{"href":"https:\/\/www.messinaoggi.it\/website\/wp-json\/wp\/v2\/posts\/115211"}],"collection":[{"href":"https:\/\/www.messinaoggi.it\/website\/wp-json\/wp\/v2\/posts"}],"about":[{"href":"https:\/\/www.messinaoggi.it\/website\/wp-json\/wp\/v2\/types\/post"}],"author":[{"embeddable":true,"href":"https:\/\/www.messinaoggi.it\/website\/wp-json\/wp\/v2\/users\/18"}],"replies":[{"embeddable":true,"href":"https:\/\/www.messinaoggi.it\/website\/wp-json\/wp\/v2\/comments?post=115211"}],"version-history":[{"count":0,"href":"https:\/\/www.messinaoggi.it\/website\/wp-json\/wp\/v2\/posts\/115211\/revisions"}],"wp:featuredmedia":[{"embeddable":true,"href":"https:\/\/www.messinaoggi.it\/website\/wp-json\/wp\/v2\/media\/115212"}],"wp:attachment":[{"href":"https:\/\/www.messinaoggi.it\/website\/wp-json\/wp\/v2\/media?parent=115211"}],"wp:term":[{"taxonomy":"category","embeddable":true,"href":"https:\/\/www.messinaoggi.it\/website\/wp-json\/wp\/v2\/categories?post=115211"},{"taxonomy":"post_tag","embeddable":true,"href":"https:\/\/www.messinaoggi.it\/website\/wp-json\/wp\/v2\/tags?post=115211"}],"curies":[{"name":"wp","href":"https:\/\/api.w.org\/{rel}","templated":true}]}}