{"id":115183,"date":"2022-07-20T13:07:59","date_gmt":"2022-07-20T11:07:59","guid":{"rendered":"https:\/\/www.messinaoggi.it\/website\/2022\/07\/20\/dybala-alla-roma-in-giallorosso-fino-al-2025\/"},"modified":"2022-07-20T18:53:18","modified_gmt":"2022-07-20T16:53:18","slug":"dybala-alla-roma-in-giallorosso-fino-al-2025","status":"publish","type":"post","link":"https:\/\/www.messinaoggi.it\/website\/2022\/07\/20\/dybala-alla-roma-in-giallorosso-fino-al-2025\/","title":{"rendered":"Dybala alla Roma, in giallorosso fino al 2025"},"content":{"rendered":"<div>ROMA (ITALPRESS) &#8211; La Roma ha ufficializzato l&#8217;ingaggio di Paulo Dybala. Il 28enne argentino arriva in giallorosso dopo aver trascorso le ultime 7 stagioni alla Juventus. Il calciatore ha firmato un contratto che lo lega al club fino al 30 giugno 2025. <br \/>&#8220;I giorni che mi hanno portato a questa firma sono stati un insieme di tante emozioni: la determinazione e la rapidit\u00e0 con cui la Roma ha dimostrato di volermi hanno fatto la differenza&#8221;. Queste le prime dichiarazioni di Paulo Dybala dopo l&#8217;ufficialit\u00e0 del suo approdo alla Roma. &#8220;Arrivo in una squadra in crescita, con una societ\u00e0 che continua a mettere basi sempre pi\u00f9 solide per il futuro e un allenatore, Jos\u00e8 Mourinho, con cui \u00e8 un privilegio poter lavorare. Da avversario ho ammirato l&#8217;atmosfera che creano i tifosi giallorossi, non vedo l&#8217;ora di poterli salutare con la maglia della Roma addosso&#8221;, ha aggiunto Dybala, arrivato in Italia nel 2012 al Palermo. Dal 2015 si \u00e8 trasferito alla Juventus, club con il quale ha vinto per 5 volte il campionato italiano. Con 98 reti, Dybala \u00e8 il sesto miglior marcatore argentino della storia della Serie A. &#8220;L&#8217;adesione di Dybala al nostro progetto testimonia la credibilit\u00e0 del club e la bont\u00e0 del lavoro che tutti insieme stiamo portando avanti&#8221;, ha commentato il general manager dell&#8217;area sportiva della Roma, Tiago Pinto. <br \/>&#8220;Paulo \u00e8 un calciatore di statura mondiale, ha vinto titoli e ottenuto riconoscimenti internazionali: porter\u00e0 alla Roma la sua classe e sono certo che con lui saremo pi\u00f9 forti e pi\u00f9 competitivi&#8221;, ha aggiunto Pinto. Dybala indosser\u00e0 la maglia numero 21. La 10 di Totti resta &#8220;congelata&#8221;.<br \/>\n&#8211; foto agenziafotogramma.it &#8211;<br \/>\n(ITALPRESS).<\/div>\n<div id=\"div-gpt-ad-Messinaoggi.it-DSK-300x250-corpoart\" style=\"text-align:center;margin:0 auto;\"><\/div><\/p><div id=\"videoincontent\" style=\"clear:both\";><\/div>","protected":false},"excerpt":{"rendered":"<p>ROMA (ITALPRESS) &#8211; La Roma ha ufficializzato l&#8217;ingaggio di Paulo Dybala. Il 28enne argentino arriva in giallorosso dopo aver trascorso le ultime 7 stagioni alla Juventus. Il calciatore ha firmato un contratto che lo lega al club fino al 30 giugno 2025. &#8220;I giorni che mi hanno portato a questa firma sono stati un insieme [&hellip;]<\/p>\n","protected":false},"author":18,"featured_media":115184,"comment_status":"closed","ping_status":"closed","sticky":false,"template":"","format":"standard","meta":{"ub_ctt_via":"","_mi_skip_tracking":false},"categories":[10,446,9],"tags":[783],"featured_image_src":"https:\/\/www.messinaoggi.it\/website\/wp-content\/uploads\/2022\/07\/dybala-argentina_ftg_220720.jpg","author_info":{"display_name":"Admin","author_link":"https:\/\/www.messinaoggi.it\/website\/author\/admin\/"},"digistream_id":0,"digistream":false,"_links":{"self":[{"href":"https:\/\/www.messinaoggi.it\/website\/wp-json\/wp\/v2\/posts\/115183"}],"collection":[{"href":"https:\/\/www.messinaoggi.it\/website\/wp-json\/wp\/v2\/posts"}],"about":[{"href":"https:\/\/www.messinaoggi.it\/website\/wp-json\/wp\/v2\/types\/post"}],"author":[{"embeddable":true,"href":"https:\/\/www.messinaoggi.it\/website\/wp-json\/wp\/v2\/users\/18"}],"replies":[{"embeddable":true,"href":"https:\/\/www.messinaoggi.it\/website\/wp-json\/wp\/v2\/comments?post=115183"}],"version-history":[{"count":1,"href":"https:\/\/www.messinaoggi.it\/website\/wp-json\/wp\/v2\/posts\/115183\/revisions"}],"predecessor-version":[{"id":115262,"href":"https:\/\/www.messinaoggi.it\/website\/wp-json\/wp\/v2\/posts\/115183\/revisions\/115262"}],"wp:featuredmedia":[{"embeddable":true,"href":"https:\/\/www.messinaoggi.it\/website\/wp-json\/wp\/v2\/media\/115184"}],"wp:attachment":[{"href":"https:\/\/www.messinaoggi.it\/website\/wp-json\/wp\/v2\/media?parent=115183"}],"wp:term":[{"taxonomy":"category","embeddable":true,"href":"https:\/\/www.messinaoggi.it\/website\/wp-json\/wp\/v2\/categories?post=115183"},{"taxonomy":"post_tag","embeddable":true,"href":"https:\/\/www.messinaoggi.it\/website\/wp-json\/wp\/v2\/tags?post=115183"}],"curies":[{"name":"wp","href":"https:\/\/api.w.org\/{rel}","templated":true}]}}