{"id":11518,"date":"2017-11-17T14:17:09","date_gmt":"2017-11-17T13:17:09","guid":{"rendered":"http:\/\/www.messinaoggi.it\/website\/?p=11518"},"modified":"2017-11-17T14:17:09","modified_gmt":"2017-11-17T13:17:09","slug":"anche-questanno-il-mondo-cristiano-si-riunisce-per-pregare-per-la-chiesa-perseguitata","status":"publish","type":"post","link":"https:\/\/www.messinaoggi.it\/website\/2017\/11\/17\/anche-questanno-il-mondo-cristiano-si-riunisce-per-pregare-per-la-chiesa-perseguitata\/","title":{"rendered":"Anche quest&#039;anno il mondo cristiano si riunisce per pregare per la chiesa perseguitata"},"content":{"rendered":"<p><span style=\"font-family: Arial, sans-serif\"><span style=\"font-size: medium\"><span style=\"font-family: 'Times New Roman', serif\"><span style=\"font-size: large\">Far conoscere all&#8217;opinione pubblica la storia di chi nel proprio paese viene perseguitato, torturato e ucciso perch\u00e9 non \u00e8 libero di professare la propria fede. \u00c8 questo il fine che si pone l&#8217;incontro di sensibilizzazione che si terr\u00e0 domani, sabato 18, alle ore 18 presso la Comunit\u00e0 Sion (Viale Italia n\u00b0 93).<\/span><\/span><\/span><\/span><div id=\"div-gpt-ad-Messinaoggi.it-DSK-300x250-corpoart\" style=\"text-align:center;margin:0 auto;\"><\/div><\/p>\n<p align=\"JUSTIFY\"><span style=\"font-family: 'Times New Roman', serif\"><span style=\"font-size: large\">All&#8217;incontro, che \u00e8 aperto chiaramente al pubblico, oltre al pastore della comunit\u00e0 evangelica di Messina che ha organizzato l&#8217;evento, Giovanni Alfonso, sar\u00e0 presente Enzo Music\u00f2, responsabile locale della Missione &#8220;Porte Aperte&#8221;, la quale da oltre sessant&#8217;anni si impegna in ottanta paesi del mondo a portare sostegno umanitario, psicologico e spirituale.<\/span><\/span><div id=\"videoincontent\" style=\"clear:both\";><\/div><\/p>\n","protected":false},"excerpt":{"rendered":"<p>Far conoscere all&#8217;opinione pubblica la storia di chi nel proprio paese viene perseguitato, torturato e ucciso perch\u00e9 non \u00e8 libero di professare la propria fede. \u00c8 questo il fine che si pone l&#8217;incontro di sensibilizzazione che si terr\u00e0 domani, sabato 18, alle ore 18 presso la Comunit\u00e0 Sion (Viale Italia n\u00b0 93). All&#8217;incontro, che \u00e8 [&hellip;]<\/p>\n","protected":false},"author":8,"featured_media":11519,"comment_status":"closed","ping_status":"open","sticky":false,"template":"","format":"standard","meta":{"ub_ctt_via":"","_mi_skip_tracking":false},"categories":[5],"tags":[],"featured_image_src":"https:\/\/www.messinaoggi.it\/website\/wp-content\/uploads\/2017\/11\/pregare-preghiera.jpg","author_info":{"display_name":"red..me","author_link":"https:\/\/www.messinaoggi.it\/website\/author\/redstage\/"},"digistream_id":0,"digistream":false,"_links":{"self":[{"href":"https:\/\/www.messinaoggi.it\/website\/wp-json\/wp\/v2\/posts\/11518"}],"collection":[{"href":"https:\/\/www.messinaoggi.it\/website\/wp-json\/wp\/v2\/posts"}],"about":[{"href":"https:\/\/www.messinaoggi.it\/website\/wp-json\/wp\/v2\/types\/post"}],"author":[{"embeddable":true,"href":"https:\/\/www.messinaoggi.it\/website\/wp-json\/wp\/v2\/users\/8"}],"replies":[{"embeddable":true,"href":"https:\/\/www.messinaoggi.it\/website\/wp-json\/wp\/v2\/comments?post=11518"}],"version-history":[{"count":0,"href":"https:\/\/www.messinaoggi.it\/website\/wp-json\/wp\/v2\/posts\/11518\/revisions"}],"wp:featuredmedia":[{"embeddable":true,"href":"https:\/\/www.messinaoggi.it\/website\/wp-json\/wp\/v2\/media\/11519"}],"wp:attachment":[{"href":"https:\/\/www.messinaoggi.it\/website\/wp-json\/wp\/v2\/media?parent=11518"}],"wp:term":[{"taxonomy":"category","embeddable":true,"href":"https:\/\/www.messinaoggi.it\/website\/wp-json\/wp\/v2\/categories?post=11518"},{"taxonomy":"post_tag","embeddable":true,"href":"https:\/\/www.messinaoggi.it\/website\/wp-json\/wp\/v2\/tags?post=11518"}],"curies":[{"name":"wp","href":"https:\/\/api.w.org\/{rel}","templated":true}]}}