{"id":115135,"date":"2022-07-19T22:07:51","date_gmt":"2022-07-19T20:07:51","guid":{"rendered":"https:\/\/www.messinaoggi.it\/website\/2022\/07\/19\/letta-se-domani-cade-governo-applauso-da-putin\/"},"modified":"2022-07-19T22:07:51","modified_gmt":"2022-07-19T20:07:51","slug":"letta-se-domani-cade-governo-applauso-da-putin","status":"publish","type":"post","link":"https:\/\/www.messinaoggi.it\/website\/2022\/07\/19\/letta-se-domani-cade-governo-applauso-da-putin\/","title":{"rendered":"Letta \u201cSe domani cade Governo applauso da Putin\u201d"},"content":{"rendered":"<div>ROMA (ITALPRESS) &#8211; &#8220;Non c&#8217;\u00e8 dubbio che se domani cadesse il<br \/>governo Draghi, un applauso di soddisfazione salirebbe da Putin e<br \/>dal Cremlino. Domani \u00e8 in gioco anche il tema della risposta<br \/>europea a questa crisi enorme: le scelte che avverranno domani<br \/>hanno un&#8217;importanza fondamentale per la politica estera e per<br \/>l&#8217;Europa&#8221;. Lo ha detto il segretario nazionale del Partito<br \/>Democratico, Enrico Letta, intervistato alla Festa dell&#8217;Unit\u00e0 a<br \/>Roma. &#8220;Questa sera ai gruppi parlamentari proporr\u00f2 convintamente la conferma della fiducia a Mario Draghi&#8221;, ha poi aggiunto. Per domani, &#8220;se Draghi indicher\u00e0 un programma fortemente connotato su rilancio e protezione, il nostro voto ci sar\u00e0. Poi vedremo come si comporteranno gli altri partiti&#8221;, ha spiegato: &#8220;Il nostro auspicio \u00e8 che la maggioranza che finora ha sostenuto il governo confermi questa fiducia. In Parlamento daremo il nostro sostegno al governo, ascolteremo e, sulla base di quello che qualcuno dir\u00e0, faremo le nostre valutazioni&#8221;. &#8220;Abbiamo davanti 9 mesi fino alle elezioni: questi nove mesi devono essere riempiti di contenuti&#8221; e &#8220;concentrati sull&#8217;obiettivo di rilancio del Paese e protezione della parte pi\u00f9 debole della societ\u00e0, con misure concrete che riguardano la nostra societ\u00e0 e il mondo del lavoro&#8221;, ha affermato Letta. &#8220;Il primo punto \u00e8 la lotta alla precariet\u00e0, \u00e8 la priorit\u00e0 in questo momento&#8221;, ha detto. Poi &#8220;l&#8217;applicazione in Italia della direttiva sul salario minimo, sarebbe uno straordinario messaggio&#8221;. Il terzo punto \u00e8 la legge di bilancio con cui si far\u00e0 &#8220;una forte riduzione di tasse sul lavoro: dobbiamo portarla a casa&#8221;, ha spiegato. &#8220;Questi sono alcuni dei punti che ci aspettiamo di sentire nel discorso di Draghi, a cui aggiungiamo la protezione rispetto al caro vita, all&#8217;inflazione che cresce. Questo \u00e8 un messaggio di fiducia fondamentale&#8221;.<br \/>&#8211; Foto Agenziafotogramma.it &#8211; <br \/>(ITALPRESS).<\/div>\n<div id=\"div-gpt-ad-Messinaoggi.it-DSK-300x250-corpoart\" style=\"text-align:center;margin:0 auto;\"><\/div><\/p><div id=\"videoincontent\" style=\"clear:both\";><\/div>","protected":false},"excerpt":{"rendered":"<p>ROMA (ITALPRESS) &#8211; &#8220;Non c&#8217;\u00e8 dubbio che se domani cadesse ilgoverno Draghi, un applauso di soddisfazione salirebbe da Putin edal Cremlino. Domani \u00e8 in gioco anche il tema della rispostaeuropea a questa crisi enorme: le scelte che avverranno domanihanno un&#8217;importanza fondamentale per la politica estera e perl&#8217;Europa&#8221;. Lo ha detto il segretario nazionale del PartitoDemocratico, [&hellip;]<\/p>\n","protected":false},"author":18,"featured_media":115136,"comment_status":"closed","ping_status":"closed","sticky":false,"template":"","format":"standard","meta":{"ub_ctt_via":"","_mi_skip_tracking":false},"categories":[446],"tags":[783],"featured_image_src":"https:\/\/www.messinaoggi.it\/website\/wp-content\/uploads\/2022\/07\/20220719_2670.jpg","author_info":{"display_name":"Admin","author_link":"https:\/\/www.messinaoggi.it\/website\/author\/admin\/"},"digistream_id":0,"digistream":false,"_links":{"self":[{"href":"https:\/\/www.messinaoggi.it\/website\/wp-json\/wp\/v2\/posts\/115135"}],"collection":[{"href":"https:\/\/www.messinaoggi.it\/website\/wp-json\/wp\/v2\/posts"}],"about":[{"href":"https:\/\/www.messinaoggi.it\/website\/wp-json\/wp\/v2\/types\/post"}],"author":[{"embeddable":true,"href":"https:\/\/www.messinaoggi.it\/website\/wp-json\/wp\/v2\/users\/18"}],"replies":[{"embeddable":true,"href":"https:\/\/www.messinaoggi.it\/website\/wp-json\/wp\/v2\/comments?post=115135"}],"version-history":[{"count":0,"href":"https:\/\/www.messinaoggi.it\/website\/wp-json\/wp\/v2\/posts\/115135\/revisions"}],"wp:featuredmedia":[{"embeddable":true,"href":"https:\/\/www.messinaoggi.it\/website\/wp-json\/wp\/v2\/media\/115136"}],"wp:attachment":[{"href":"https:\/\/www.messinaoggi.it\/website\/wp-json\/wp\/v2\/media?parent=115135"}],"wp:term":[{"taxonomy":"category","embeddable":true,"href":"https:\/\/www.messinaoggi.it\/website\/wp-json\/wp\/v2\/categories?post=115135"},{"taxonomy":"post_tag","embeddable":true,"href":"https:\/\/www.messinaoggi.it\/website\/wp-json\/wp\/v2\/tags?post=115135"}],"curies":[{"name":"wp","href":"https:\/\/api.w.org\/{rel}","templated":true}]}}