{"id":115129,"date":"2022-07-19T21:07:52","date_gmt":"2022-07-19T19:07:52","guid":{"rendered":"https:\/\/www.messinaoggi.it\/website\/2022\/07\/19\/jacobs-ho-rosicato-ma-ora-penso-gia-agli-europei\/"},"modified":"2022-07-19T21:07:52","modified_gmt":"2022-07-19T19:07:52","slug":"jacobs-ho-rosicato-ma-ora-penso-gia-agli-europei","status":"publish","type":"post","link":"https:\/\/www.messinaoggi.it\/website\/2022\/07\/19\/jacobs-ho-rosicato-ma-ora-penso-gia-agli-europei\/","title":{"rendered":"Jacobs \u201cHo \u2018rosicat\u00f2 ma ora penso gi\u00e0 agli Europei\u201d"},"content":{"rendered":"<div>EUGENE (USA) (ITALPRESS) &#8211; Marcell Jacobs \u00e8 tornato a parlare dopo la rinuncia alle semifinali dei 100 metri ai Mondiali di atletica di Eugene. Il campione olimpico \u00e8 apparso infastidito ma sereno e soprattutto gi\u00e0 proiettato verso il recupero della forma migliore, in vista degli Europei. &#8220;Un p\u00f2 tutto questo fa parte del nostro sport. Per questo anno \u00e8 andata cos\u00ec un p\u00f2 di volte. Vedere la mia corsia vuota in semifinale mi ha reso triste, mi ha fatto &#8216;rosicar\u00e8 ma mi ha dato le energie giuste per tornare pi\u00f9 forte di prima. Questa stagione \u00e8 stata un p\u00f2 particolare. Bisogna avere calma: manca ancora un mese agli Europei&#8221;, ha detto Jacobs, in conferenza stampa, da Eugene. &#8220;Sono stato ieri allo stadio per vedere le gare dei miei connazionali nei 200 e per vedere Tamberi. Gimbo \u00e8 stato grande. Peccato, meritava una medaglia per tutto quello che ha fatto. La mia stagione non \u00e8 da &#8216;buttar\u00e8; anzi, fino ai Mondiali indoor era andato tutto bene&#8221;, ha aggiunto l&#8217;azzurro, che ha ricordato il successo nei 60 metri, a Belgrado. &#8220;Ora continuer\u00f2 la fisioterapia e far\u00f2 altri controlli, per poi tornare in pista, in vista degli Europei&#8221;, ha puntualizzato Jacobs.<br \/>&#8220;Venivo da questa elongazione al tendine del bicipite femorale, che mi aveva bloccato da Savona ai campionati italiani, \u00e8 vero. Ma qui, nell&#8217;avvicinamento alla gara, la situazione migliorava di giorno in giorno. Alla vigilia mi sentivo veramente bene e non sentivo pi\u00f9 nulla. Il giorno prima delle batterie mi sentivo bene e stavo facendo, addirittura, uno dei migliori allenamenti mai fatti. Poi il nuovo problema&#8221;, ha detto ancora l&#8217;azzurro, che ha quindi parlato solo di sfortuna per l&#8217;infortunio (contrattura a carico del grande adduttore della coscia destra) occorso all&#8217;ultimo momento. Rispedite al mittente, infine, le accuse relative ai &#8220;discussi&#8221; programma e impegni pre-Mondiali. &#8220;Le gare servono a volte anche come allenamento&#8221;, ha concluso Jacobs.<br \/>&#8211; foto LivePhotoSport &#8211;<br \/>(ITALPRESS).<\/div>\n<div id=\"div-gpt-ad-Messinaoggi.it-DSK-300x250-corpoart\" style=\"text-align:center;margin:0 auto;\"><\/div><\/p><div id=\"videoincontent\" style=\"clear:both\";><\/div>","protected":false},"excerpt":{"rendered":"<p>EUGENE (USA) (ITALPRESS) &#8211; Marcell Jacobs \u00e8 tornato a parlare dopo la rinuncia alle semifinali dei 100 metri ai Mondiali di atletica di Eugene. Il campione olimpico \u00e8 apparso infastidito ma sereno e soprattutto gi\u00e0 proiettato verso il recupero della forma migliore, in vista degli Europei. &#8220;Un p\u00f2 tutto questo fa parte del nostro sport. [&hellip;]<\/p>\n","protected":false},"author":18,"featured_media":115130,"comment_status":"closed","ping_status":"closed","sticky":false,"template":"","format":"standard","meta":{"ub_ctt_via":"","_mi_skip_tracking":false},"categories":[446],"tags":[783],"featured_image_src":"https:\/\/www.messinaoggi.it\/website\/wp-content\/uploads\/2022\/07\/20220719_2582.jpg","author_info":{"display_name":"Admin","author_link":"https:\/\/www.messinaoggi.it\/website\/author\/admin\/"},"digistream_id":0,"digistream":false,"_links":{"self":[{"href":"https:\/\/www.messinaoggi.it\/website\/wp-json\/wp\/v2\/posts\/115129"}],"collection":[{"href":"https:\/\/www.messinaoggi.it\/website\/wp-json\/wp\/v2\/posts"}],"about":[{"href":"https:\/\/www.messinaoggi.it\/website\/wp-json\/wp\/v2\/types\/post"}],"author":[{"embeddable":true,"href":"https:\/\/www.messinaoggi.it\/website\/wp-json\/wp\/v2\/users\/18"}],"replies":[{"embeddable":true,"href":"https:\/\/www.messinaoggi.it\/website\/wp-json\/wp\/v2\/comments?post=115129"}],"version-history":[{"count":0,"href":"https:\/\/www.messinaoggi.it\/website\/wp-json\/wp\/v2\/posts\/115129\/revisions"}],"wp:featuredmedia":[{"embeddable":true,"href":"https:\/\/www.messinaoggi.it\/website\/wp-json\/wp\/v2\/media\/115130"}],"wp:attachment":[{"href":"https:\/\/www.messinaoggi.it\/website\/wp-json\/wp\/v2\/media?parent=115129"}],"wp:term":[{"taxonomy":"category","embeddable":true,"href":"https:\/\/www.messinaoggi.it\/website\/wp-json\/wp\/v2\/categories?post=115129"},{"taxonomy":"post_tag","embeddable":true,"href":"https:\/\/www.messinaoggi.it\/website\/wp-json\/wp\/v2\/tags?post=115129"}],"curies":[{"name":"wp","href":"https:\/\/api.w.org\/{rel}","templated":true}]}}