{"id":115065,"date":"2022-07-19T15:02:52","date_gmt":"2022-07-19T13:02:52","guid":{"rendered":"https:\/\/www.messinaoggi.it\/website\/2022\/07\/19\/lagalla-vara-la-giunta-comunale-di-palermo-carolina-varchi-vicesindaco\/"},"modified":"2022-07-19T15:02:52","modified_gmt":"2022-07-19T13:02:52","slug":"lagalla-vara-la-giunta-comunale-di-palermo-carolina-varchi-vicesindaco","status":"publish","type":"post","link":"https:\/\/www.messinaoggi.it\/website\/2022\/07\/19\/lagalla-vara-la-giunta-comunale-di-palermo-carolina-varchi-vicesindaco\/","title":{"rendered":"Lagalla vara la giunta comunale di Palermo, Carolina Varchi vicesindaco"},"content":{"rendered":"<div>\n<p>PALERMO (ITALPRESS) \u2013 Il sindaco di Palermo, Roberto Lagalla, ha completato la composizione della nuova Giunta comunale. Si \u00e8 gi\u00e0 insediato il nuovo vicesindaco Carolina Varchi, avvocato e parlamentare nazionale, che oggi ha giurato davanti al primo cittadino e al segretario generale e che assumer\u00e0 la delega assessoriale a Bilancio, Legalit\u00e0, Beni confiscati e Societ\u00e0 partecipate. Le deleghe assegnate agli altri assessori verranno comunicate in occasione della presentazione ufficiale della giunta che avverr\u00e0 nella giornata di gioved\u00ec 21 luglio.<br \/>Ecco i nomi degli assessori: Giampiero Cannella, giornalista, gi\u00e0 deputato nazionale; Maurizio Carta, professore ordinario di urbanistica e prorettore all\u2019Universit\u00e0 degli Studi di Palermo;<br \/>Dario Falzone, dottore in Scienze politiche, gi\u00e0 deputato regionale; Sabrina Figuccia, laureata in Lettere e Filosofia e consigliere comunale; Giuliano Forzinetti, consulente aziendale, gi\u00e0 vicepresidente di Sicindustria giovani; Andrea Mineo, avvocato e consigliere comunale uscente; Salvatore Orlando, funzionario della Citt\u00e0 Metropolitana e presidente uscente del Consiglio comunale; Rosalia Pennino, presidente dell\u2019Associazione nazionale Parlautismo e dirigente sindacale; Aristide Tamajo, gi\u00e0 assessore comunale e funzionario all\u2019Ufficio scolastico regionale; Antonella Tirrito, laureata in Discipline della comunicazione.<br \/>\u201cDopo la riunione di sabato scorso, ho avuto modo di verificare che non sussistevano le condizioni politiche per allargare la composizione della giunta oltre le rappresentanze consiliari, ferma restando l\u2019importanza dell\u2019unit\u00e0 politica della coalizione che comunque avr\u00e0 modo di dispiegarsi nella pi\u00f9 complessiva articolazione gestionale e nell\u2019attuazione del programma di governo della citt\u00e0. Sono certo \u2013 afferma il sindaco Roberto Lagalla \u2013 che le designazioni avanzate dai partiti siano state ispirate da criteri di esperienza e competenza che potranno essere funzionali al complesso lavoro che ci aspetta\u201d.<br \/>foto ufficio stampa comune di Palermo<br \/>(ITALPRESS).<div id=\"div-gpt-ad-Messinaoggi.it-DSK-300x250-corpoart\" style=\"text-align:center;margin:0 auto;\"><\/div><\/p>\n<\/div>\n<div id=\"videoincontent\" style=\"clear:both\";><\/div>","protected":false},"excerpt":{"rendered":"<p>PALERMO (ITALPRESS) \u2013 Il sindaco di Palermo, Roberto Lagalla, ha completato la composizione della nuova Giunta comunale. Si \u00e8 gi\u00e0 insediato il nuovo vicesindaco Carolina Varchi, avvocato e parlamentare nazionale, che oggi ha giurato davanti al primo cittadino e al segretario generale e che assumer\u00e0 la delega assessoriale a Bilancio, Legalit\u00e0, Beni confiscati e Societ\u00e0 [&hellip;]<\/p>\n","protected":false},"author":18,"featured_media":115066,"comment_status":"closed","ping_status":"closed","sticky":false,"template":"","format":"standard","meta":{"ub_ctt_via":"","_mi_skip_tracking":false},"categories":[2449],"tags":[783],"featured_image_src":"https:\/\/www.messinaoggi.it\/website\/wp-content\/uploads\/2022\/07\/20220719_1084.jpg","author_info":{"display_name":"Admin","author_link":"https:\/\/www.messinaoggi.it\/website\/author\/admin\/"},"digistream_id":0,"digistream":false,"_links":{"self":[{"href":"https:\/\/www.messinaoggi.it\/website\/wp-json\/wp\/v2\/posts\/115065"}],"collection":[{"href":"https:\/\/www.messinaoggi.it\/website\/wp-json\/wp\/v2\/posts"}],"about":[{"href":"https:\/\/www.messinaoggi.it\/website\/wp-json\/wp\/v2\/types\/post"}],"author":[{"embeddable":true,"href":"https:\/\/www.messinaoggi.it\/website\/wp-json\/wp\/v2\/users\/18"}],"replies":[{"embeddable":true,"href":"https:\/\/www.messinaoggi.it\/website\/wp-json\/wp\/v2\/comments?post=115065"}],"version-history":[{"count":0,"href":"https:\/\/www.messinaoggi.it\/website\/wp-json\/wp\/v2\/posts\/115065\/revisions"}],"wp:featuredmedia":[{"embeddable":true,"href":"https:\/\/www.messinaoggi.it\/website\/wp-json\/wp\/v2\/media\/115066"}],"wp:attachment":[{"href":"https:\/\/www.messinaoggi.it\/website\/wp-json\/wp\/v2\/media?parent=115065"}],"wp:term":[{"taxonomy":"category","embeddable":true,"href":"https:\/\/www.messinaoggi.it\/website\/wp-json\/wp\/v2\/categories?post=115065"},{"taxonomy":"post_tag","embeddable":true,"href":"https:\/\/www.messinaoggi.it\/website\/wp-json\/wp\/v2\/tags?post=115065"}],"curies":[{"name":"wp","href":"https:\/\/api.w.org\/{rel}","templated":true}]}}