{"id":115029,"date":"2022-07-19T12:47:55","date_gmt":"2022-07-19T10:47:55","guid":{"rendered":"https:\/\/www.messinaoggi.it\/website\/2022\/07\/19\/ministro-bianchi-in-via-damelio-non-ce-memoria-senza-verita\/"},"modified":"2022-07-19T12:47:55","modified_gmt":"2022-07-19T10:47:55","slug":"ministro-bianchi-in-via-damelio-non-ce-memoria-senza-verita","status":"publish","type":"post","link":"https:\/\/www.messinaoggi.it\/website\/2022\/07\/19\/ministro-bianchi-in-via-damelio-non-ce-memoria-senza-verita\/","title":{"rendered":"Ministro Bianchi in via d\u2019Amelio \u201cNon c\u2019\u00e8 memoria senza verit\u00e0\u201d"},"content":{"rendered":"<div>\n<p>PALERMO (ITALPRESS) \u2013 Il ministro dell\u2019istruzione, Patrizio Bianchi, si \u00e8 recato a Palermo in via D\u2019Amelio nell\u2019ambito di un\u2019iniziativa per il trentesimo anniversario dalla morte del giudice Paolo Borsellino e di cinque agenti della scorta, Agostino Catalano, Emanuela Loi, Vincenzo Li Muli, Walter Eddie Cosina e Claudio Traina, in un attentato da parte di Cosa Nostra. Il ministro, che in mattinata sar\u00e0 ospite dell\u2019istituto comprensivo Antonio Ugo, ha incontrato i bambini che partecipano all\u2019iniziativa \u201cColoriamo via d\u2019Amelio\u201d, promossa dal Centro studi Paolo e Rita Borsellino nell\u2019area allestita accanto all\u2019Albero della Pace, simbolo della lotta per la legalit\u00e0. Bianchi ha incontrato diverse delegazioni di associazioni antimafia e ha salutato alcuni familiari delle vittime della strage, fermandosi a parlare coi bambini presenti, che hanno dato vita a una serie di brevi rappresentazioni simboliche. Una giornata che risente della recente sentenza a Caltanissetta che ha disposto la prescrizione per due poliziotti e l\u2019assoluzione di un terzo, tutti e tre accusati di aver depistato le indagini sulla strage di via d\u2019Amelio, fatto per il quale il ministro Bianchi ha esortato i giovani a chiedere che sia fatta giustizia: \u201cI bambini domandano giustizia e hanno bisogno di certezza della verit\u00e0, di un senso di legalit\u00e0 che \u00e8 il fondamento stesso della Repubblica e ispirazione per tutti noi che siamo qui \u2013 ha dichiarato ai cronisti presenti -. Il presidente della Repubblica Sergio Mattarella ha detto in modo chiaro che la scuola \u00e8 il luogo in cui si reclama la verit\u00e0 \u2013 ha aggiunto \u2013 Non c\u2019\u00e8 memoria senza verit\u00e0. Siamo qui per questo, quest\u2019area pretende verit\u00e0\u201d.<br \/>Foto xd7<br \/>(ITALPRESS).<div id=\"div-gpt-ad-Messinaoggi.it-DSK-300x250-corpoart\" style=\"text-align:center;margin:0 auto;\"><\/div><\/p>\n<\/div>\n<div id=\"videoincontent\" style=\"clear:both\";><\/div>","protected":false},"excerpt":{"rendered":"<p>PALERMO (ITALPRESS) \u2013 Il ministro dell\u2019istruzione, Patrizio Bianchi, si \u00e8 recato a Palermo in via D\u2019Amelio nell\u2019ambito di un\u2019iniziativa per il trentesimo anniversario dalla morte del giudice Paolo Borsellino e di cinque agenti della scorta, Agostino Catalano, Emanuela Loi, Vincenzo Li Muli, Walter Eddie Cosina e Claudio Traina, in un attentato da parte di Cosa [&hellip;]<\/p>\n","protected":false},"author":18,"featured_media":115030,"comment_status":"closed","ping_status":"closed","sticky":false,"template":"","format":"standard","meta":{"ub_ctt_via":"","_mi_skip_tracking":false},"categories":[2449],"tags":[783],"featured_image_src":"https:\/\/www.messinaoggi.it\/website\/wp-content\/uploads\/2022\/07\/20220719_0573.jpg","author_info":{"display_name":"Admin","author_link":"https:\/\/www.messinaoggi.it\/website\/author\/admin\/"},"digistream_id":0,"digistream":false,"_links":{"self":[{"href":"https:\/\/www.messinaoggi.it\/website\/wp-json\/wp\/v2\/posts\/115029"}],"collection":[{"href":"https:\/\/www.messinaoggi.it\/website\/wp-json\/wp\/v2\/posts"}],"about":[{"href":"https:\/\/www.messinaoggi.it\/website\/wp-json\/wp\/v2\/types\/post"}],"author":[{"embeddable":true,"href":"https:\/\/www.messinaoggi.it\/website\/wp-json\/wp\/v2\/users\/18"}],"replies":[{"embeddable":true,"href":"https:\/\/www.messinaoggi.it\/website\/wp-json\/wp\/v2\/comments?post=115029"}],"version-history":[{"count":0,"href":"https:\/\/www.messinaoggi.it\/website\/wp-json\/wp\/v2\/posts\/115029\/revisions"}],"wp:featuredmedia":[{"embeddable":true,"href":"https:\/\/www.messinaoggi.it\/website\/wp-json\/wp\/v2\/media\/115030"}],"wp:attachment":[{"href":"https:\/\/www.messinaoggi.it\/website\/wp-json\/wp\/v2\/media?parent=115029"}],"wp:term":[{"taxonomy":"category","embeddable":true,"href":"https:\/\/www.messinaoggi.it\/website\/wp-json\/wp\/v2\/categories?post=115029"},{"taxonomy":"post_tag","embeddable":true,"href":"https:\/\/www.messinaoggi.it\/website\/wp-json\/wp\/v2\/tags?post=115029"}],"curies":[{"name":"wp","href":"https:\/\/api.w.org\/{rel}","templated":true}]}}