{"id":115021,"date":"2022-07-19T11:32:50","date_gmt":"2022-07-19T09:32:50","guid":{"rendered":"https:\/\/www.messinaoggi.it\/website\/2022\/07\/19\/palermo-ultimi-ritocchi-per-giunta-lagalla-annuncio-nelle-prossime-ore\/"},"modified":"2022-07-19T11:32:50","modified_gmt":"2022-07-19T09:32:50","slug":"palermo-ultimi-ritocchi-per-giunta-lagalla-annuncio-nelle-prossime-ore","status":"publish","type":"post","link":"https:\/\/www.messinaoggi.it\/website\/2022\/07\/19\/palermo-ultimi-ritocchi-per-giunta-lagalla-annuncio-nelle-prossime-ore\/","title":{"rendered":"Palermo, ultimi ritocchi per giunta Lagalla. Annuncio nelle prossime ore"},"content":{"rendered":"<div>\n<p>PALERMO (ITALPRESS) \u2013 Oggi potrebbe essere il giorno della nuova Giunta comunale di Palermo. Secondo quanto apprende l\u2019Italpress, l\u2019esecutivo di Roberto Lagalla sarebbe ormai in fase di definizione e mancherebbero gli ultimi ritocchi. A 36 giorni dall\u2019elezione del nuovo sindaco e del nuovo consiglio comunale, le prossime ore potrebbero essere, dunque, cruciali per la definizione della squadra di governo che guider\u00e0 la citt\u00e0 per i prossimi cinque anni. Designazione che arriverebbe cos\u00ec nel giorno del trentesimo anniversario della Strage di via D\u2019Amelio in cui morirono il giudice Paolo Borsellino e gli agenti della scorta. Una scelta non casuale, un segnale di legalit\u00e0 che Lagalla vorrebbe mandare alla citt\u00e0 e ai cittadini palermitani.<br \/>(ITALPRESS).<div id=\"div-gpt-ad-Messinaoggi.it-DSK-300x250-corpoart\" style=\"text-align:center;margin:0 auto;\"><\/div><\/p>\n<p>\u2013 credit photo agenziafotogramma.it \u2013<div id=\"videoincontent\" style=\"clear:both\";><\/div><\/p>\n<\/div>\n","protected":false},"excerpt":{"rendered":"<p>PALERMO (ITALPRESS) \u2013 Oggi potrebbe essere il giorno della nuova Giunta comunale di Palermo. Secondo quanto apprende l\u2019Italpress, l\u2019esecutivo di Roberto Lagalla sarebbe ormai in fase di definizione e mancherebbero gli ultimi ritocchi. A 36 giorni dall\u2019elezione del nuovo sindaco e del nuovo consiglio comunale, le prossime ore potrebbero essere, dunque, cruciali per la definizione [&hellip;]<\/p>\n","protected":false},"author":18,"featured_media":115022,"comment_status":"closed","ping_status":"closed","sticky":false,"template":"","format":"standard","meta":{"ub_ctt_via":"","_mi_skip_tracking":false},"categories":[2449],"tags":[783],"featured_image_src":"https:\/\/www.messinaoggi.it\/website\/wp-content\/uploads\/2022\/07\/20220719_0346.jpg","author_info":{"display_name":"Admin","author_link":"https:\/\/www.messinaoggi.it\/website\/author\/admin\/"},"digistream_id":0,"digistream":false,"_links":{"self":[{"href":"https:\/\/www.messinaoggi.it\/website\/wp-json\/wp\/v2\/posts\/115021"}],"collection":[{"href":"https:\/\/www.messinaoggi.it\/website\/wp-json\/wp\/v2\/posts"}],"about":[{"href":"https:\/\/www.messinaoggi.it\/website\/wp-json\/wp\/v2\/types\/post"}],"author":[{"embeddable":true,"href":"https:\/\/www.messinaoggi.it\/website\/wp-json\/wp\/v2\/users\/18"}],"replies":[{"embeddable":true,"href":"https:\/\/www.messinaoggi.it\/website\/wp-json\/wp\/v2\/comments?post=115021"}],"version-history":[{"count":0,"href":"https:\/\/www.messinaoggi.it\/website\/wp-json\/wp\/v2\/posts\/115021\/revisions"}],"wp:featuredmedia":[{"embeddable":true,"href":"https:\/\/www.messinaoggi.it\/website\/wp-json\/wp\/v2\/media\/115022"}],"wp:attachment":[{"href":"https:\/\/www.messinaoggi.it\/website\/wp-json\/wp\/v2\/media?parent=115021"}],"wp:term":[{"taxonomy":"category","embeddable":true,"href":"https:\/\/www.messinaoggi.it\/website\/wp-json\/wp\/v2\/categories?post=115021"},{"taxonomy":"post_tag","embeddable":true,"href":"https:\/\/www.messinaoggi.it\/website\/wp-json\/wp\/v2\/tags?post=115021"}],"curies":[{"name":"wp","href":"https:\/\/api.w.org\/{rel}","templated":true}]}}