{"id":115010,"date":"2022-07-19T11:28:51","date_gmt":"2022-07-19T09:28:51","guid":{"rendered":"http:\/\/www.messinaoggi.it\/website\/?p=115010"},"modified":"2022-07-19T11:28:53","modified_gmt":"2022-07-19T09:28:53","slug":"incendio-auto-cirs-siamo-sconcertati-aiutateci-a-comprarne-unaltra","status":"publish","type":"post","link":"https:\/\/www.messinaoggi.it\/website\/2022\/07\/19\/incendio-auto-cirs-siamo-sconcertati-aiutateci-a-comprarne-unaltra\/","title":{"rendered":"Incendio auto Cirs: &#8220;Siamo sconcertati, aiutateci a comprarne un&#8217;altra&#8221;"},"content":{"rendered":"\n<p>Dopo l&#8217;incendio che la notte scorsa ha completamente distrutto la vettura del Comitato italiano reinserimento sociale (Cirs) di Messina, interviene la presidente nazionale Maria Celeste Celi.<div id=\"div-gpt-ad-Messinaoggi.it-DSK-300x250-corpoart\" style=\"text-align:center;margin:0 auto;\"><\/div><\/p>\n\n\n\n<p>\u201cSiamo sconcertati ed amareggiati &#8211; commenta &#8211; e se le autorit\u00e0 competenti dovessero accertare la matrice dolosa dell&#8217;incendio si tratterebbe di un gesto vile e deprecabile ai danni di un Ente che svolge un ruolo importantissimo a favore di donne e bambini in difficolt\u00e0. Non riusciamo ad immaginare che qualcuno abbia voluto danneggiarci con una modalit\u00e0 cos\u00ec subdola. Comunque siano andate le cose \u00e8 un danno enorme, poich\u00e9 quello era l&#8217;unico mezzo a nostra disposizione, una monovolume da 9 posti donata al Cirs da Unicredit, per svolgere le mansioni quotidiane della casa famiglia che adesso non riusciremo pi\u00f9 a gestire, e persino accompagnare una mamma o un bambino da un medico diventer\u00e0 difficile\u201d.<div id=\"videoincontent\" style=\"clear:both\";><\/div><\/p>\n\n\n\n<p>\u201cDa qui il mio appello &#8211; conclude la Presidente &#8211; alla generosit\u00e0 degli imprenditori messinesi o di semplici cittadini che abbiano un&#8217;auto e vogliano donarla al Cirs oppure la vogliano acquistare per noi compiendo un gesto di cuore\u201d.<\/p>\n\n\n\n<p><strong>Chi volesse comunque contribuire all&#8217;acquisto di una nuova vettura<\/strong> per il Cirs pu\u00f2 donare al seguente iban:\u00a0IT 91 T 02008 16511 000105535045.<\/p>\n","protected":false},"excerpt":{"rendered":"<p>Dopo l&#8217;incendio che la notte scorsa ha completamente distrutto la vettura del Comitato italiano reinserimento sociale (Cirs) di Messina, interviene la presidente nazionale Maria Celeste Celi. \u201cSiamo sconcertati ed amareggiati &#8211; commenta &#8211; e se le autorit\u00e0 competenti dovessero accertare la matrice dolosa dell&#8217;incendio si tratterebbe di un gesto vile e deprecabile ai danni di [&hellip;]<\/p>\n","protected":false},"author":8,"featured_media":115019,"comment_status":"open","ping_status":"open","sticky":false,"template":"","format":"standard","meta":{"ub_ctt_via":"","_mi_skip_tracking":false},"categories":[5],"tags":[4814,80,4815],"featured_image_src":"https:\/\/www.messinaoggi.it\/website\/wp-content\/uploads\/2022\/07\/20220719_105732.jpg","author_info":{"display_name":"red..me","author_link":"https:\/\/www.messinaoggi.it\/website\/author\/redstage\/"},"digistream_id":0,"digistream":false,"_links":{"self":[{"href":"https:\/\/www.messinaoggi.it\/website\/wp-json\/wp\/v2\/posts\/115010"}],"collection":[{"href":"https:\/\/www.messinaoggi.it\/website\/wp-json\/wp\/v2\/posts"}],"about":[{"href":"https:\/\/www.messinaoggi.it\/website\/wp-json\/wp\/v2\/types\/post"}],"author":[{"embeddable":true,"href":"https:\/\/www.messinaoggi.it\/website\/wp-json\/wp\/v2\/users\/8"}],"replies":[{"embeddable":true,"href":"https:\/\/www.messinaoggi.it\/website\/wp-json\/wp\/v2\/comments?post=115010"}],"version-history":[{"count":1,"href":"https:\/\/www.messinaoggi.it\/website\/wp-json\/wp\/v2\/posts\/115010\/revisions"}],"predecessor-version":[{"id":115020,"href":"https:\/\/www.messinaoggi.it\/website\/wp-json\/wp\/v2\/posts\/115010\/revisions\/115020"}],"wp:featuredmedia":[{"embeddable":true,"href":"https:\/\/www.messinaoggi.it\/website\/wp-json\/wp\/v2\/media\/115019"}],"wp:attachment":[{"href":"https:\/\/www.messinaoggi.it\/website\/wp-json\/wp\/v2\/media?parent=115010"}],"wp:term":[{"taxonomy":"category","embeddable":true,"href":"https:\/\/www.messinaoggi.it\/website\/wp-json\/wp\/v2\/categories?post=115010"},{"taxonomy":"post_tag","embeddable":true,"href":"https:\/\/www.messinaoggi.it\/website\/wp-json\/wp\/v2\/tags?post=115010"}],"curies":[{"name":"wp","href":"https:\/\/api.w.org\/{rel}","templated":true}]}}