{"id":11500,"date":"2017-11-17T10:35:43","date_gmt":"2017-11-17T09:35:43","guid":{"rendered":"http:\/\/www.messinaoggi.it\/website\/?p=11500"},"modified":"2017-11-17T10:35:43","modified_gmt":"2017-11-17T09:35:43","slug":"legalita-mi-piace-convegno-promosso-da-confcommercio","status":"publish","type":"post","link":"https:\/\/www.messinaoggi.it\/website\/2017\/11\/17\/legalita-mi-piace-convegno-promosso-da-confcommercio\/","title":{"rendered":"&quot;Legalit\u00e0 mi piace&quot;, Confcommercio contro racket, usura e contraffazione"},"content":{"rendered":"<p>Confcommercio Messina, nell\u2019ambito della giornata nazionale dal titolo \u201cLegalit\u00e0 mi piace\u201d, organizza un convegno dal tema \u201cRacket, usura e anticontraffazione\u201d, che si terr\u00e0 marted\u00ec 21 novembre alle 10.30, presso la Sala Borsa della Camera di Commercio. Al convegno, cui parteciperanno autorit\u00e0 civili, militari e religiose, \u00e8 annunciata la presenza di Ferdinando Ofria, associato di Economia politica all\u2019Universit\u00e0 di Messina, esperto della Commissione parlamentare d\u2019inchiesta sui fenomeni della contraffazione. All&#8217;incontro parteciper\u00e0 anche Clelia Fiore, componente del direttivo della Fai.<br \/>\nA porgere il saluto iniziale sar\u00e0 il presidente provinciale di Confcommercio Messina, Carmelo Picciotto, che ha fortemente voluto l\u2019iniziativa che ha lo scopo di sensibilizzare i cittadini e gli studenti delle scuole su fenomeni che alimentano un\u2019economia sommersa. L\u2019evento \u00e8 patrocinato dalla Camera di Commercio di Messina.<br \/>\n <div id=\"div-gpt-ad-Messinaoggi.it-DSK-300x250-corpoart\" style=\"text-align:center;margin:0 auto;\"><\/div><\/p>\n<div id=\"videoincontent\" style=\"clear:both\";><\/div>","protected":false},"excerpt":{"rendered":"<p>Confcommercio Messina, nell\u2019ambito della giornata nazionale dal titolo \u201cLegalit\u00e0 mi piace\u201d, organizza un convegno dal tema \u201cRacket, usura e anticontraffazione\u201d, che si terr\u00e0 marted\u00ec 21 novembre alle 10.30, presso la Sala Borsa della Camera di Commercio. Al convegno, cui parteciperanno autorit\u00e0 civili, militari e religiose, \u00e8 annunciata la presenza di Ferdinando Ofria, associato di Economia [&hellip;]<\/p>\n","protected":false},"author":2,"featured_media":6083,"comment_status":"closed","ping_status":"open","sticky":false,"template":"","format":"standard","meta":{"ub_ctt_via":"","_mi_skip_tracking":false},"categories":[5],"tags":[],"featured_image_src":"https:\/\/www.messinaoggi.it\/website\/wp-content\/uploads\/2017\/08\/PICCIOTTO-CARMELO-2-2.jpg","author_info":{"display_name":"Redazione","author_link":"https:\/\/www.messinaoggi.it\/website\/author\/redazione\/"},"digistream_id":0,"digistream":false,"_links":{"self":[{"href":"https:\/\/www.messinaoggi.it\/website\/wp-json\/wp\/v2\/posts\/11500"}],"collection":[{"href":"https:\/\/www.messinaoggi.it\/website\/wp-json\/wp\/v2\/posts"}],"about":[{"href":"https:\/\/www.messinaoggi.it\/website\/wp-json\/wp\/v2\/types\/post"}],"author":[{"embeddable":true,"href":"https:\/\/www.messinaoggi.it\/website\/wp-json\/wp\/v2\/users\/2"}],"replies":[{"embeddable":true,"href":"https:\/\/www.messinaoggi.it\/website\/wp-json\/wp\/v2\/comments?post=11500"}],"version-history":[{"count":0,"href":"https:\/\/www.messinaoggi.it\/website\/wp-json\/wp\/v2\/posts\/11500\/revisions"}],"wp:featuredmedia":[{"embeddable":true,"href":"https:\/\/www.messinaoggi.it\/website\/wp-json\/wp\/v2\/media\/6083"}],"wp:attachment":[{"href":"https:\/\/www.messinaoggi.it\/website\/wp-json\/wp\/v2\/media?parent=11500"}],"wp:term":[{"taxonomy":"category","embeddable":true,"href":"https:\/\/www.messinaoggi.it\/website\/wp-json\/wp\/v2\/categories?post=11500"},{"taxonomy":"post_tag","embeddable":true,"href":"https:\/\/www.messinaoggi.it\/website\/wp-json\/wp\/v2\/tags?post=11500"}],"curies":[{"name":"wp","href":"https:\/\/api.w.org\/{rel}","templated":true}]}}