{"id":114988,"date":"2022-07-19T08:05:35","date_gmt":"2022-07-19T06:05:35","guid":{"rendered":"http:\/\/www.messinaoggi.it\/website\/?p=114988"},"modified":"2022-07-19T08:05:38","modified_gmt":"2022-07-19T06:05:38","slug":"concerti-estivi-confcommercio-messina-citta-degli-eventi-non-e-piu-solo-uno-slogan","status":"publish","type":"post","link":"https:\/\/www.messinaoggi.it\/website\/2022\/07\/19\/concerti-estivi-confcommercio-messina-citta-degli-eventi-non-e-piu-solo-uno-slogan\/","title":{"rendered":"Concerti estivi, Confcommercio: \u201cMessina citt\u00e0 degli eventi non \u00e8 pi\u00f9 solo uno slogan\u201d"},"content":{"rendered":"\n<p>\u201cMessina citt\u00e0 della musica e degli eventi non sar\u00e0 pi\u00f9 uno slogan, ma una strategia per aumentare il PIL\u201d. Cos\u00ec il presidente di Confcommercio Messina Carmelo Picciotto all\u2019indomani del concerto del rapper campano Clementino che ha chiuso la rassegna LIVEME promossa dall\u2019amministrazione comunale. \u201cCirca i due terzi delle aziende iscritte alla Camera di Commercio \u2013 spiega Picciotto \u2013 appartengono a settori che con la ricezione turistica aumentano i propri fatturati, generando contemporaneamente aumento di PIL locale, per i quali eventi come quelli registratesi nelle ultime settimane in piazza Duomo rappresentano una vera e propria boccata di ossigeno.<div id=\"div-gpt-ad-Messinaoggi.it-DSK-300x250-corpoart\" style=\"text-align:center;margin:0 auto;\"><\/div><\/p>\n\n\n\n<p>\u201cAziende che attraverso i grandi eventi aumentano il loro business creando a loro volta occasioni di lavoro secondo la formula pi\u00f9 turismo uguale a pi\u00f9 posti di lavoro, meno ragazzi che fuggono da Messina. Aziende \u2013 prosegue Picciotto &#8211; che negli anni si sono messe al servizio della citt\u00e0 generando a loro volta bellezza ed attrattivit\u00e0 e contribuendo al mantenimento del decoro e al rilancio del centro storico, e che ancora, e meglio di cos\u00ec, possono fare la propria parte in un\u2019ottica di riqualificazione e rigenerazione urbana che costituisce oggi la sfida dei nostri tempi.<div id=\"videoincontent\" style=\"clear:both\";><\/div><\/p>\n\n\n\n<p>\u201cL\u2019iniziativa dell\u2019amministrazione De Luca prima e di quella Basile oggi deve costituire un primo passo perch\u00e9 il brand Messina approdi alle grandi vetrine nazionali, perch\u00e9 il centro storico e le attivit\u00e0 promosse al suo interno diventino volano di reale sviluppo del territorio. Live Me \u2013 conclude Picciotto \u2013 ha dimostrato che la macchina \u00e8 in grado di funzionare, dalla gestione della sicurezza a quella del decoro urbano. Ha dimostrato che \u00e8 possibile mettere a disposizione anche di chi non se lo pu\u00f2 permettere spettacoli di qualit\u00e0.<\/p>\n\n\n\n<p>\u201cMessina \u00e8 pronta a diventare citt\u00e0 di tutti, anche delle fasce pi\u00f9 deboli, e coordinamento e punto pi\u00f9 attrattivo delle quattro Citt\u00e0 Metropolitane e in queste settimane in maniera netta lo abbiamo dimostrato a tutta l\u2019Italia. Ora \u00e8 il momento di mettere a frutto l\u2019esperienza maturata in maniera scevra di preconcetti, al di l\u00e0 delle polemiche strumentali, e per il bene dell\u2019intera citt\u00e0. Messina vuole essere citt\u00e0 viva. Resta solo da decidere da che parte stare!\u201d.<\/p>\n","protected":false},"excerpt":{"rendered":"<p>\u201cMessina citt\u00e0 della musica e degli eventi non sar\u00e0 pi\u00f9 uno slogan, ma una strategia per aumentare il PIL\u201d. Cos\u00ec il presidente di Confcommercio Messina Carmelo Picciotto all\u2019indomani del concerto del rapper campano Clementino che ha chiuso la rassegna LIVEME promossa dall\u2019amministrazione comunale. \u201cCirca i due terzi delle aziende iscritte alla Camera di Commercio \u2013 [&hellip;]<\/p>\n","protected":false},"author":8,"featured_media":6083,"comment_status":"open","ping_status":"open","sticky":false,"template":"","format":"standard","meta":{"ub_ctt_via":"","_mi_skip_tracking":false},"categories":[5],"tags":[1736,1544],"featured_image_src":"https:\/\/www.messinaoggi.it\/website\/wp-content\/uploads\/2017\/08\/PICCIOTTO-CARMELO-2-2.jpg","author_info":{"display_name":"red..me","author_link":"https:\/\/www.messinaoggi.it\/website\/author\/redstage\/"},"digistream_id":0,"digistream":false,"_links":{"self":[{"href":"https:\/\/www.messinaoggi.it\/website\/wp-json\/wp\/v2\/posts\/114988"}],"collection":[{"href":"https:\/\/www.messinaoggi.it\/website\/wp-json\/wp\/v2\/posts"}],"about":[{"href":"https:\/\/www.messinaoggi.it\/website\/wp-json\/wp\/v2\/types\/post"}],"author":[{"embeddable":true,"href":"https:\/\/www.messinaoggi.it\/website\/wp-json\/wp\/v2\/users\/8"}],"replies":[{"embeddable":true,"href":"https:\/\/www.messinaoggi.it\/website\/wp-json\/wp\/v2\/comments?post=114988"}],"version-history":[{"count":1,"href":"https:\/\/www.messinaoggi.it\/website\/wp-json\/wp\/v2\/posts\/114988\/revisions"}],"predecessor-version":[{"id":114989,"href":"https:\/\/www.messinaoggi.it\/website\/wp-json\/wp\/v2\/posts\/114988\/revisions\/114989"}],"wp:featuredmedia":[{"embeddable":true,"href":"https:\/\/www.messinaoggi.it\/website\/wp-json\/wp\/v2\/media\/6083"}],"wp:attachment":[{"href":"https:\/\/www.messinaoggi.it\/website\/wp-json\/wp\/v2\/media?parent=114988"}],"wp:term":[{"taxonomy":"category","embeddable":true,"href":"https:\/\/www.messinaoggi.it\/website\/wp-json\/wp\/v2\/categories?post=114988"},{"taxonomy":"post_tag","embeddable":true,"href":"https:\/\/www.messinaoggi.it\/website\/wp-json\/wp\/v2\/tags?post=114988"}],"curies":[{"name":"wp","href":"https:\/\/api.w.org\/{rel}","templated":true}]}}