{"id":114865,"date":"2022-07-18T10:21:52","date_gmt":"2022-07-18T08:21:52","guid":{"rendered":"http:\/\/www.messinaoggi.it\/website\/?p=114865"},"modified":"2022-07-18T11:56:37","modified_gmt":"2022-07-18T09:56:37","slug":"duplice-incidente-sulla-a20-un-morto","status":"publish","type":"post","link":"https:\/\/www.messinaoggi.it\/website\/2022\/07\/18\/duplice-incidente-sulla-a20-un-morto\/","title":{"rendered":"Duplice incidente sulla A20: un morto"},"content":{"rendered":"\n<p>Doppio incidente questa mattina sull&#8217;A20, in uno dei quali si \u00e8 verificato un decesso. Gli incidenti si sono verificati all&#8217;altezza della provincia di Palermo, causando il blocco di parte del tratto autostradale.<div id=\"div-gpt-ad-Messinaoggi.it-DSK-300x250-corpoart\" style=\"text-align:center;margin:0 auto;\"><\/div><\/p>\n\n\n\n<p>Attorno alle 7 e 20 si \u00e8 verificato il primo incidente, all&#8217;altezza della galleria Carbonara. L\u00ec, infatti, un furgone Iveco che trasportava suini ha terminato la sua corsa dopo aver preso improvvisamente fuoco.<div id=\"videoincontent\" style=\"clear:both\";><\/div><\/p>\n\n\n\n<p>Poco dopo si \u00e8 verificato un altro incidente, pi\u00f9 o meno alla stessa altezza, a seguito del quale si \u00e8 verificato un decesso. A perdere la vita un automobilista che \u00e8 finito ad alta velocit\u00e0 contro un tir. <\/p>\n\n\n\n<p>Da chiarire chi o cosa abbia causato l&#8217;incidente, che nell&#8217;immediato a causato la chiusura del tratto autostradale tra Castelbuono e Cefal\u00f9 in entrambe le direzioni di marcia. <\/p>\n","protected":false},"excerpt":{"rendered":"<p>Doppio incidente questa mattina sull&#8217;A20, in uno dei quali si \u00e8 verificato un decesso. Gli incidenti si sono verificati all&#8217;altezza della provincia di Palermo, causando il blocco di parte del tratto autostradale. Attorno alle 7 e 20 si \u00e8 verificato il primo incidente, all&#8217;altezza della galleria Carbonara. L\u00ec, infatti, un furgone Iveco che trasportava suini [&hellip;]<\/p>\n","protected":false},"author":8,"featured_media":13072,"comment_status":"open","ping_status":"open","sticky":false,"template":"","format":"standard","meta":{"ub_ctt_via":"","_mi_skip_tracking":false},"categories":[19,6],"tags":[716,74],"featured_image_src":"https:\/\/www.messinaoggi.it\/website\/wp-content\/uploads\/2017\/12\/A20-messina-Palermo.jpg","author_info":{"display_name":"red..me","author_link":"https:\/\/www.messinaoggi.it\/website\/author\/redstage\/"},"digistream_id":0,"digistream":false,"_links":{"self":[{"href":"https:\/\/www.messinaoggi.it\/website\/wp-json\/wp\/v2\/posts\/114865"}],"collection":[{"href":"https:\/\/www.messinaoggi.it\/website\/wp-json\/wp\/v2\/posts"}],"about":[{"href":"https:\/\/www.messinaoggi.it\/website\/wp-json\/wp\/v2\/types\/post"}],"author":[{"embeddable":true,"href":"https:\/\/www.messinaoggi.it\/website\/wp-json\/wp\/v2\/users\/8"}],"replies":[{"embeddable":true,"href":"https:\/\/www.messinaoggi.it\/website\/wp-json\/wp\/v2\/comments?post=114865"}],"version-history":[{"count":1,"href":"https:\/\/www.messinaoggi.it\/website\/wp-json\/wp\/v2\/posts\/114865\/revisions"}],"predecessor-version":[{"id":114866,"href":"https:\/\/www.messinaoggi.it\/website\/wp-json\/wp\/v2\/posts\/114865\/revisions\/114866"}],"wp:featuredmedia":[{"embeddable":true,"href":"https:\/\/www.messinaoggi.it\/website\/wp-json\/wp\/v2\/media\/13072"}],"wp:attachment":[{"href":"https:\/\/www.messinaoggi.it\/website\/wp-json\/wp\/v2\/media?parent=114865"}],"wp:term":[{"taxonomy":"category","embeddable":true,"href":"https:\/\/www.messinaoggi.it\/website\/wp-json\/wp\/v2\/categories?post=114865"},{"taxonomy":"post_tag","embeddable":true,"href":"https:\/\/www.messinaoggi.it\/website\/wp-json\/wp\/v2\/tags?post=114865"}],"curies":[{"name":"wp","href":"https:\/\/api.w.org\/{rel}","templated":true}]}}