{"id":114607,"date":"2022-07-15T09:32:51","date_gmt":"2022-07-15T07:32:51","guid":{"rendered":"https:\/\/www.messinaoggi.it\/website\/2022\/07\/15\/festino-santa-rosalia-samona-palermo-ritrova-se-stessa-dopo-anni-bui\/"},"modified":"2022-07-15T09:57:09","modified_gmt":"2022-07-15T07:57:09","slug":"festino-santa-rosalia-samona-palermo-ritrova-se-stessa-dopo-anni-bui","status":"publish","type":"post","link":"https:\/\/www.messinaoggi.it\/website\/2022\/07\/15\/festino-santa-rosalia-samona-palermo-ritrova-se-stessa-dopo-anni-bui\/","title":{"rendered":"Festino Santa Rosalia, Samon\u00e0 \u201cPalermo ritrova se stessa dopo anni bui\u201d"},"content":{"rendered":"<div>\n<p>PALERMO (ITALPRESS) \u2013 \u201cQuesto \u00e8 un giorno di gioia e devozione per Palermo: oggi \u00e8 il Festino in onore della Santuzza, Santa Rosalia, che liber\u00f2 la Citt\u00e0 dalla peste. E il titolo di questo 398\u00b0 Festino, \u201cCanto contro la peste\u201d, in tempi ancora incerti a causa della pandemia \u2013 sottolinea l\u2019assessore regionale dei Beni Culturali e dell\u2019Identit\u00e0 Siciliana, Alberto Samon\u00e0 \u2013 testimonia la voglia dei Palermitani di scacciare questa nuova peste e innalzare al cielo un\u2019unica voce per scongiurare che altre calamit\u00e0 possano nuovamente affliggerci. Santa Rosalia, che veglia dall\u2019alto, infondendoci coraggio e speranza, \u00e8 una figura altamente contemporanea, perch\u00e8 abbandon\u00f2 gli agi familiari a cui era abituata, per ritirarsi in preghiera, prima sulla montagna della Quisquina e quindi su Monte Pellegrino, sorretta dalla fede e dall\u2019amore per Cristo, il suo unico sposo\u201d. \u201cE\u2019 stata una emozione per me, ieri sera seguire la discesa del Carro Trionfale verso il Foro Italico accanto al sindaco di Palermo Roberto Lagalla, che in pochissimi giorni \u00e8 riuscito ad organizzare un Festino nel quale ciascuno \u2013 istituzioni pubbliche e private, associazioni, artisti, semplici cittadini \u2013 ha dato il proprio contributo per la buona riuscita di questa grande testimonianza di fede, nel nome dell\u2019amore dei Palermitani verso Santa Rosalia, nel nome di una comunit\u00e0 ritrovata dopo anni bui e nella consapevolezza che la rinascita di Palermo \u00e8 possibile grazie alla buona volont\u00e0 di tutti. Alla Santuzza \u2013 conclude  l\u2019assessore Samon\u00e0 \u2013 oggi come ieri, essendo portatrice di un messaggio rasserenante, quello della vittoria della vita sulla morte, ci rivolgiamo, perch\u00e8 sentiamo forte il bisogno di rinascere a un futuro \u201caltro\u201d nel quale la speranza si cementi attraverso il recupero del senso di comunit\u00e0, dei veri valori e dell\u2019amore verso Palermo e la Sicilia, certi che nessun ostacolo sia invincibile con Rosalia accanto. Una devozione, che nonostante affondi le radici in un passato remoto, \u00e8 attualissima e giovane, proprio come la Santa. Grazie Rosalia!\u201d.<br \/>(ITALPRESS).<\/p>\n<p>\u2013 foto Ufficio Stampa Regione Siciliana \u2013<\/p>\n<\/div>\n","protected":false},"excerpt":{"rendered":"<p>PALERMO (ITALPRESS) \u2013 \u201cQuesto \u00e8 un giorno di gioia e devozione per Palermo: oggi \u00e8 il Festino in onore della Santuzza, Santa Rosalia, che liber\u00f2 la Citt\u00e0 dalla peste. E il titolo di questo 398\u00b0 Festino, \u201cCanto contro la peste\u201d, in tempi ancora incerti a causa della pandemia \u2013 sottolinea l\u2019assessore regionale dei Beni Culturali [&hellip;]<\/p>\n","protected":false},"author":18,"featured_media":114608,"comment_status":"closed","ping_status":"closed","sticky":false,"template":"","format":"standard","meta":{"ub_ctt_via":"","_mi_skip_tracking":false},"categories":[11,2449],"tags":[783],"featured_image_src":"https:\/\/www.messinaoggi.it\/website\/wp-content\/uploads\/2022\/07\/20220715_0121.jpg","author_info":{"display_name":"Admin","author_link":"https:\/\/www.messinaoggi.it\/website\/author\/admin\/"},"digistream_id":0,"digistream":false,"_links":{"self":[{"href":"https:\/\/www.messinaoggi.it\/website\/wp-json\/wp\/v2\/posts\/114607"}],"collection":[{"href":"https:\/\/www.messinaoggi.it\/website\/wp-json\/wp\/v2\/posts"}],"about":[{"href":"https:\/\/www.messinaoggi.it\/website\/wp-json\/wp\/v2\/types\/post"}],"author":[{"embeddable":true,"href":"https:\/\/www.messinaoggi.it\/website\/wp-json\/wp\/v2\/users\/18"}],"replies":[{"embeddable":true,"href":"https:\/\/www.messinaoggi.it\/website\/wp-json\/wp\/v2\/comments?post=114607"}],"version-history":[{"count":1,"href":"https:\/\/www.messinaoggi.it\/website\/wp-json\/wp\/v2\/posts\/114607\/revisions"}],"predecessor-version":[{"id":114620,"href":"https:\/\/www.messinaoggi.it\/website\/wp-json\/wp\/v2\/posts\/114607\/revisions\/114620"}],"wp:featuredmedia":[{"embeddable":true,"href":"https:\/\/www.messinaoggi.it\/website\/wp-json\/wp\/v2\/media\/114608"}],"wp:attachment":[{"href":"https:\/\/www.messinaoggi.it\/website\/wp-json\/wp\/v2\/media?parent=114607"}],"wp:term":[{"taxonomy":"category","embeddable":true,"href":"https:\/\/www.messinaoggi.it\/website\/wp-json\/wp\/v2\/categories?post=114607"},{"taxonomy":"post_tag","embeddable":true,"href":"https:\/\/www.messinaoggi.it\/website\/wp-json\/wp\/v2\/tags?post=114607"}],"curies":[{"name":"wp","href":"https:\/\/api.w.org\/{rel}","templated":true}]}}