{"id":114596,"date":"2022-07-15T06:31:23","date_gmt":"2022-07-15T04:31:23","guid":{"rendered":"http:\/\/www.messinaoggi.it\/website\/?p=114596"},"modified":"2022-07-15T06:34:51","modified_gmt":"2022-07-15T04:34:51","slug":"furci-domani-linaugurazione-del-nuovo-lungomare-francilia-infrastruttura-moderna-e-funzionale","status":"publish","type":"post","link":"https:\/\/www.messinaoggi.it\/website\/2022\/07\/15\/furci-domani-linaugurazione-del-nuovo-lungomare-francilia-infrastruttura-moderna-e-funzionale\/","title":{"rendered":"Furci, domani l&#8217;inaugurazione del nuovo lungomare. Francilia: &#8220;Infrastruttura moderna e funzionale&#8221;"},"content":{"rendered":"\n<p>S&#8217;inaugura domani il nuovo lungomare di Furci, una delle opere pi\u00f9 importanti effettuate negli ultimi tempi nella riviera jonica. Per l&#8217;occasione \u00e8 annunciata la presenza del presidente della Regione, Nello Musumeci. &#8220;Sono molto contento ed emozionato &#8211; afferma il sindaco di Furci, Matteo Francilia &#8211; inaugureremo una delle opere pubbliche pi\u00f9 importanti di Furci Siculo, un&#8217;infrastruttura moderna e funzionale per la protezione del litorale e bellissima da un punto di vista estetico. Ma soprattutto sono felice di intitolare ufficialmente il lungomare al grande sindaco, prof. Carmelo Garufi, punto di riferimento in passato della comunit\u00e0 furcese. Credo di poter affermare, con grande umilt\u00e0, che il nostro lungomare \u00e8 trai pi\u00f9 belli della provincia di Messina e questo creer\u00e0 un forte richiamo turistico e commerciale. Ringrazio tutti coloro che hanno contribuito al raggiungimento di questo obiettivo. Continuiamo il lavoro giornalmente portato avanti per raggiungere altri importanti risultati per la nostra comunit\u00e0&#8221;.<div id=\"div-gpt-ad-Messinaoggi.it-DSK-300x250-corpoart\" style=\"text-align:center;margin:0 auto;\"><\/div><\/p>\n<div id=\"videoincontent\" style=\"clear:both\";><\/div>","protected":false},"excerpt":{"rendered":"<p>S&#8217;inaugura domani il nuovo lungomare di Furci, una delle opere pi\u00f9 importanti effettuate negli ultimi tempi nella riviera jonica. Per l&#8217;occasione \u00e8 annunciata la presenza del presidente della Regione, Nello Musumeci. &#8220;Sono molto contento ed emozionato &#8211; afferma il sindaco di Furci, Matteo Francilia &#8211; inaugureremo una delle opere pubbliche pi\u00f9 importanti di Furci Siculo, [&hellip;]<\/p>\n","protected":false},"author":4,"featured_media":114597,"comment_status":"open","ping_status":"open","sticky":false,"template":"","format":"standard","meta":{"ub_ctt_via":"","_mi_skip_tracking":false},"categories":[13,15],"tags":[1995,876,1934],"featured_image_src":"https:\/\/www.messinaoggi.it\/website\/wp-content\/uploads\/2022\/07\/Furci-Matteo-Francilia.jpg","author_info":{"display_name":"redme","author_link":"https:\/\/www.messinaoggi.it\/website\/author\/redme\/"},"digistream_id":0,"digistream":false,"_links":{"self":[{"href":"https:\/\/www.messinaoggi.it\/website\/wp-json\/wp\/v2\/posts\/114596"}],"collection":[{"href":"https:\/\/www.messinaoggi.it\/website\/wp-json\/wp\/v2\/posts"}],"about":[{"href":"https:\/\/www.messinaoggi.it\/website\/wp-json\/wp\/v2\/types\/post"}],"author":[{"embeddable":true,"href":"https:\/\/www.messinaoggi.it\/website\/wp-json\/wp\/v2\/users\/4"}],"replies":[{"embeddable":true,"href":"https:\/\/www.messinaoggi.it\/website\/wp-json\/wp\/v2\/comments?post=114596"}],"version-history":[{"count":1,"href":"https:\/\/www.messinaoggi.it\/website\/wp-json\/wp\/v2\/posts\/114596\/revisions"}],"predecessor-version":[{"id":114598,"href":"https:\/\/www.messinaoggi.it\/website\/wp-json\/wp\/v2\/posts\/114596\/revisions\/114598"}],"wp:featuredmedia":[{"embeddable":true,"href":"https:\/\/www.messinaoggi.it\/website\/wp-json\/wp\/v2\/media\/114597"}],"wp:attachment":[{"href":"https:\/\/www.messinaoggi.it\/website\/wp-json\/wp\/v2\/media?parent=114596"}],"wp:term":[{"taxonomy":"category","embeddable":true,"href":"https:\/\/www.messinaoggi.it\/website\/wp-json\/wp\/v2\/categories?post=114596"},{"taxonomy":"post_tag","embeddable":true,"href":"https:\/\/www.messinaoggi.it\/website\/wp-json\/wp\/v2\/tags?post=114596"}],"curies":[{"name":"wp","href":"https:\/\/api.w.org\/{rel}","templated":true}]}}