{"id":114591,"date":"2022-07-15T08:00:55","date_gmt":"2022-07-15T06:00:55","guid":{"rendered":"http:\/\/www.messinaoggi.it\/website\/?p=114591"},"modified":"2022-07-14T20:39:06","modified_gmt":"2022-07-14T18:39:06","slug":"a20-calderone-al-governo-regionale-si-chieda-la-revoca-del-sequestro-di-21-cavalcavia","status":"publish","type":"post","link":"https:\/\/www.messinaoggi.it\/website\/2022\/07\/15\/a20-calderone-al-governo-regionale-si-chieda-la-revoca-del-sequestro-di-21-cavalcavia\/","title":{"rendered":"A20, Calderone al governo regionale: \u201cSi chieda la revoca del sequestro di 21 cavalcavia\u201d"},"content":{"rendered":"\n<p>Una mozione e una interrogazione urgenti sono state presentate dall\u2019onorevole Tommaso Calderone, capogruppo di Forza Italia all\u2019Ars. I documenti impegnano e chiedono lumi al Governo Regionale al fine di intervenire presso il Consorzio Autostrade Siciliane in maniera celere, in virt\u00f9 di quanto accertato dalla Commissione accreditata del Consiglio Superiore dei Lavori Pubblici. Obiettivo quello di chiedere alle Procure competenti la revoca del sequestro di 21 cavalcavia dell\u2019Autostrada A20 Messina &#8211; Palermo nelle zone di Barcellona Pozzo di Gotto, Milazzo e Terme Vigliatore.<div id=\"div-gpt-ad-Messinaoggi.it-DSK-300x250-corpoart\" style=\"text-align:center;margin:0 auto;\"><\/div><\/p>\n\n\n\n<p>Il tutto mirato a ripristinare la normale viabilit\u00e0 sui cavalcavia interessati, al momento regolata da impianto semaforico per la regolamentazione della viabilit\u00e0 a senso unico alternato. Una situazione che ha fortemente penalizzato un territorio a vocazione turistica, sul quale insistono attivit\u00e0 industriali, commerciali e florovivaistiche che hanno subito perdite ingenti a seguito dei disagi dovuti alla necessit\u00e0 di percorrere strade alternative, in pi\u00f9 di un caso disastrate e molto pericolose per la pubblica incolumit\u00e0.<div id=\"videoincontent\" style=\"clear:both\";><\/div><\/p>\n\n\n\n<p>\u201cRitengo che, dopo il parere della Commissione, siano venute meno le necessit\u00e0 che hanno portato al sequestro dei 21 cavalcavia per presunte criticit\u00e0 su stabilit\u00e0 che avrebbero determinato un rischio crollo &#8211; ha affermato l\u2019onorevole Tommaso Calderone &#8211; pertanto ritengo prioritario agire in maniera tempestiva per eliminare i disagi che hanno condizionato oltremisura l\u2019economia del territorio e la viabilit\u00e0\u201d.<\/p>\n","protected":false},"excerpt":{"rendered":"<p>Una mozione e una interrogazione urgenti sono state presentate dall\u2019onorevole Tommaso Calderone, capogruppo di Forza Italia all\u2019Ars. I documenti impegnano e chiedono lumi al Governo Regionale al fine di intervenire presso il Consorzio Autostrade Siciliane in maniera celere, in virt\u00f9 di quanto accertato dalla Commissione accreditata del Consiglio Superiore dei Lavori Pubblici. Obiettivo quello di [&hellip;]<\/p>\n","protected":false},"author":8,"featured_media":41354,"comment_status":"open","ping_status":"open","sticky":false,"template":"","format":"standard","meta":{"ub_ctt_via":"","_mi_skip_tracking":false},"categories":[4],"tags":[716,800],"featured_image_src":"https:\/\/www.messinaoggi.it\/website\/wp-content\/uploads\/2020\/03\/TommasoCalderone.jpg","author_info":{"display_name":"red..me","author_link":"https:\/\/www.messinaoggi.it\/website\/author\/redstage\/"},"digistream_id":0,"digistream":false,"_links":{"self":[{"href":"https:\/\/www.messinaoggi.it\/website\/wp-json\/wp\/v2\/posts\/114591"}],"collection":[{"href":"https:\/\/www.messinaoggi.it\/website\/wp-json\/wp\/v2\/posts"}],"about":[{"href":"https:\/\/www.messinaoggi.it\/website\/wp-json\/wp\/v2\/types\/post"}],"author":[{"embeddable":true,"href":"https:\/\/www.messinaoggi.it\/website\/wp-json\/wp\/v2\/users\/8"}],"replies":[{"embeddable":true,"href":"https:\/\/www.messinaoggi.it\/website\/wp-json\/wp\/v2\/comments?post=114591"}],"version-history":[{"count":1,"href":"https:\/\/www.messinaoggi.it\/website\/wp-json\/wp\/v2\/posts\/114591\/revisions"}],"predecessor-version":[{"id":114592,"href":"https:\/\/www.messinaoggi.it\/website\/wp-json\/wp\/v2\/posts\/114591\/revisions\/114592"}],"wp:featuredmedia":[{"embeddable":true,"href":"https:\/\/www.messinaoggi.it\/website\/wp-json\/wp\/v2\/media\/41354"}],"wp:attachment":[{"href":"https:\/\/www.messinaoggi.it\/website\/wp-json\/wp\/v2\/media?parent=114591"}],"wp:term":[{"taxonomy":"category","embeddable":true,"href":"https:\/\/www.messinaoggi.it\/website\/wp-json\/wp\/v2\/categories?post=114591"},{"taxonomy":"post_tag","embeddable":true,"href":"https:\/\/www.messinaoggi.it\/website\/wp-json\/wp\/v2\/tags?post=114591"}],"curies":[{"name":"wp","href":"https:\/\/api.w.org\/{rel}","templated":true}]}}