{"id":114584,"date":"2022-07-14T20:17:53","date_gmt":"2022-07-14T18:17:53","guid":{"rendered":"https:\/\/www.messinaoggi.it\/website\/2022\/07\/14\/petrolchimico-siracusa-turano-positiva-sinergia-con-mise-per-trovare-soluzioni\/"},"modified":"2022-07-14T20:17:53","modified_gmt":"2022-07-14T18:17:53","slug":"petrolchimico-siracusa-turano-positiva-sinergia-con-mise-per-trovare-soluzioni","status":"publish","type":"post","link":"https:\/\/www.messinaoggi.it\/website\/2022\/07\/14\/petrolchimico-siracusa-turano-positiva-sinergia-con-mise-per-trovare-soluzioni\/","title":{"rendered":"Petrolchimico Siracusa, Turano \u201cPositiva sinergia con Mise per trovare soluzioni\u201d"},"content":{"rendered":"<div>\n<p>PALERMO (ITALPRESS) \u2013 \u201cCi sono tutte le condizioni per avviare una positiva sinergia tra Regione Siciliana e Mise sulle iniziative per tutelare il Polo petrolchimico siracusano e tutto il comparto industriale dell\u2019Isola\u201d. Lo dichiara l\u2019assessore regionale alle Attivit\u00e0 produttive Mimmo Turano, a conclusione di un incontro a Roma con il ministro dello Sviluppo economico Giancarlo Giorgetti e con i dirigenti del dicastero. \u201cL\u2019area di crisi complessa per il Petrolchimico siracusano richiesta dalla Regione \u2013 dice l\u2019esponente del governo Musumeci \u2013 non \u00e8 stata definitivamente archiviata e resta una via percorribile, tuttavia \u00e8 emersa la necessit\u00e0 di un confronto permanente per monitorare la situazione e per elaborare strategie adeguate alle mutevoli condizioni geopolitiche ed economiche\u201d. \u201cAvere l\u2019attenzione e l\u2019impegno del Mise e del ministro Giorgetti \u2013 prosegue Turano \u2013 su un dossier tanto delicato come quello del Petrolchimico di Siracusa \u00e8 sicuramente un ottimo punto di partenza. Ho chiesto per\u00f2 al ministro pari impegno per Termini Imerese e Gela che attendono ancora il rinnovo dell\u2019accordo di programma\u201d. All\u2019incontro con il ministro Giorgetti hanno partecipato anche il dirigente generale dell\u2019assessorato per le Attivit\u00e0 produttive Carmelo Frittitta, il sindaco di Priolo Pippo Gianni, il deputato regionale Giovanni Cafeo e l\u2019ex parlamentare regionale siracusano Vincenzo Vinciullo.<br \/>\n(ITALPRESS).<\/p>\n<p>\u2013 foto Ufficio Stampa Regione Siciliana \u2013<\/p>\n<\/div>\n","protected":false},"excerpt":{"rendered":"<p>PALERMO (ITALPRESS) \u2013 \u201cCi sono tutte le condizioni per avviare una positiva sinergia tra Regione Siciliana e Mise sulle iniziative per tutelare il Polo petrolchimico siracusano e tutto il comparto industriale dell\u2019Isola\u201d. Lo dichiara l\u2019assessore regionale alle Attivit\u00e0 produttive Mimmo Turano, a conclusione di un incontro a Roma con il ministro dello Sviluppo economico Giancarlo [&hellip;]<\/p>\n","protected":false},"author":18,"featured_media":114585,"comment_status":"closed","ping_status":"closed","sticky":false,"template":"","format":"standard","meta":{"ub_ctt_via":"","_mi_skip_tracking":false},"categories":[2449],"tags":[783],"featured_image_src":"https:\/\/www.messinaoggi.it\/website\/wp-content\/uploads\/2022\/07\/20220714_2484.jpg","author_info":{"display_name":"Admin","author_link":"https:\/\/www.messinaoggi.it\/website\/author\/admin\/"},"digistream_id":0,"digistream":false,"_links":{"self":[{"href":"https:\/\/www.messinaoggi.it\/website\/wp-json\/wp\/v2\/posts\/114584"}],"collection":[{"href":"https:\/\/www.messinaoggi.it\/website\/wp-json\/wp\/v2\/posts"}],"about":[{"href":"https:\/\/www.messinaoggi.it\/website\/wp-json\/wp\/v2\/types\/post"}],"author":[{"embeddable":true,"href":"https:\/\/www.messinaoggi.it\/website\/wp-json\/wp\/v2\/users\/18"}],"replies":[{"embeddable":true,"href":"https:\/\/www.messinaoggi.it\/website\/wp-json\/wp\/v2\/comments?post=114584"}],"version-history":[{"count":0,"href":"https:\/\/www.messinaoggi.it\/website\/wp-json\/wp\/v2\/posts\/114584\/revisions"}],"wp:featuredmedia":[{"embeddable":true,"href":"https:\/\/www.messinaoggi.it\/website\/wp-json\/wp\/v2\/media\/114585"}],"wp:attachment":[{"href":"https:\/\/www.messinaoggi.it\/website\/wp-json\/wp\/v2\/media?parent=114584"}],"wp:term":[{"taxonomy":"category","embeddable":true,"href":"https:\/\/www.messinaoggi.it\/website\/wp-json\/wp\/v2\/categories?post=114584"},{"taxonomy":"post_tag","embeddable":true,"href":"https:\/\/www.messinaoggi.it\/website\/wp-json\/wp\/v2\/tags?post=114584"}],"curies":[{"name":"wp","href":"https:\/\/api.w.org\/{rel}","templated":true}]}}