{"id":114451,"date":"2022-07-14T06:46:08","date_gmt":"2022-07-14T04:46:08","guid":{"rendered":"http:\/\/www.messinaoggi.it\/website\/?p=114451"},"modified":"2022-07-14T06:46:17","modified_gmt":"2022-07-14T04:46:17","slug":"covid-i-nuovi-orari-dei-centri-vaccinali-a-messina-e-provincia","status":"publish","type":"post","link":"https:\/\/www.messinaoggi.it\/website\/2022\/07\/14\/covid-i-nuovi-orari-dei-centri-vaccinali-a-messina-e-provincia\/","title":{"rendered":"Covid: i nuovi orari dei centri vaccinali a Messina e provincia"},"content":{"rendered":"\n<p>L&#8217;Ufficio per emergenza Covid di Messina ha messo a punto una rimodulazione degli orari dei centri vaccinali relativi al capoluogo e alla provincia, in vista dell&#8217;estate. In dettaglio: il centro vaccinale Sant&#8217;Agata di Militello sar\u00e0 aperto luned\u00ec e mercoled\u00ec, dalle 14 alle 19, marted\u00ec e gioved\u00ec dalle 8 alle 19, venerd\u00ec e sabato dalle 8:00 alle 14; il centro vaccinale di Capo d&#8217;Orlando da luned\u00ec a venerd\u00ec, dalle 8 alle 14. L&#8217;Hub Parco Corolla di Milazzo sar\u00e0 disponibile luned\u00ec, mercoled\u00ec, venerd\u00ec e sabato dalle 8 alle 14, marted\u00ec e gioved\u00ec dalle 8 alle 18, mentre l&#8217;Hub Fiera di Messina da luned\u00ec a sabato dalle 9 alle 19. Il centro vaccinale di Mistretta, luned\u00ec e gioved\u00ec dalle 8 alle 14. Il punto di Santo Stefano di Camastra sar\u00e0 aperto luned\u00ec e mercoled\u00ec dalle 14 alle 20, quello di Barcellona Pozzo di Gotto luned\u00ec, marted\u00ec, mercoled\u00ec, venerd\u00ec e sabato dalle 8 alle 14, gioved\u00ec dalle 14 alle 20. A Patti centro aperto luned\u00ec, mercoled\u00ec e venerd\u00ec dalle 13 alle 19, marted\u00ec e gioved\u00ec dalle 8 alle 19, sabato dalle 8 alle 14, mentre a Letojanni il centro sar\u00e0 disponibile luned\u00ec e mercoled\u00ec dalle 8 alle 14, venerd\u00ec e sabato dalle 8 alle 20. Infine, il centro dell&#8217;ospedale di Lipari luned\u00ec, marted\u00ec, gioved\u00ec e venerd\u00ec dalle 9 alle 12.<div id=\"div-gpt-ad-Messinaoggi.it-DSK-300x250-corpoart\" style=\"text-align:center;margin:0 auto;\"><\/div><\/p>\n<div id=\"videoincontent\" style=\"clear:both\";><\/div>","protected":false},"excerpt":{"rendered":"<p>L&#8217;Ufficio per emergenza Covid di Messina ha messo a punto una rimodulazione degli orari dei centri vaccinali relativi al capoluogo e alla provincia, in vista dell&#8217;estate. In dettaglio: il centro vaccinale Sant&#8217;Agata di Militello sar\u00e0 aperto luned\u00ec e mercoled\u00ec, dalle 14 alle 19, marted\u00ec e gioved\u00ec dalle 8 alle 19, venerd\u00ec e sabato dalle 8:00 [&hellip;]<\/p>\n","protected":false},"author":4,"featured_media":55402,"comment_status":"open","ping_status":"open","sticky":false,"template":"","format":"standard","meta":{"ub_ctt_via":"","_mi_skip_tracking":false},"categories":[221],"tags":[4797,3370],"featured_image_src":"https:\/\/www.messinaoggi.it\/website\/wp-content\/uploads\/2021\/03\/20210314_0984.jpg","author_info":{"display_name":"redme","author_link":"https:\/\/www.messinaoggi.it\/website\/author\/redme\/"},"digistream_id":0,"digistream":false,"_links":{"self":[{"href":"https:\/\/www.messinaoggi.it\/website\/wp-json\/wp\/v2\/posts\/114451"}],"collection":[{"href":"https:\/\/www.messinaoggi.it\/website\/wp-json\/wp\/v2\/posts"}],"about":[{"href":"https:\/\/www.messinaoggi.it\/website\/wp-json\/wp\/v2\/types\/post"}],"author":[{"embeddable":true,"href":"https:\/\/www.messinaoggi.it\/website\/wp-json\/wp\/v2\/users\/4"}],"replies":[{"embeddable":true,"href":"https:\/\/www.messinaoggi.it\/website\/wp-json\/wp\/v2\/comments?post=114451"}],"version-history":[{"count":1,"href":"https:\/\/www.messinaoggi.it\/website\/wp-json\/wp\/v2\/posts\/114451\/revisions"}],"predecessor-version":[{"id":114452,"href":"https:\/\/www.messinaoggi.it\/website\/wp-json\/wp\/v2\/posts\/114451\/revisions\/114452"}],"wp:featuredmedia":[{"embeddable":true,"href":"https:\/\/www.messinaoggi.it\/website\/wp-json\/wp\/v2\/media\/55402"}],"wp:attachment":[{"href":"https:\/\/www.messinaoggi.it\/website\/wp-json\/wp\/v2\/media?parent=114451"}],"wp:term":[{"taxonomy":"category","embeddable":true,"href":"https:\/\/www.messinaoggi.it\/website\/wp-json\/wp\/v2\/categories?post=114451"},{"taxonomy":"post_tag","embeddable":true,"href":"https:\/\/www.messinaoggi.it\/website\/wp-json\/wp\/v2\/tags?post=114451"}],"curies":[{"name":"wp","href":"https:\/\/api.w.org\/{rel}","templated":true}]}}