{"id":114432,"date":"2022-07-13T21:07:51","date_gmt":"2022-07-13T19:07:51","guid":{"rendered":"https:\/\/www.messinaoggi.it\/website\/2022\/07\/13\/completato-con-successo-il-volo-inaugurale-del-vega-c\/"},"modified":"2022-07-13T21:07:51","modified_gmt":"2022-07-13T19:07:51","slug":"completato-con-successo-il-volo-inaugurale-del-vega-c","status":"publish","type":"post","link":"https:\/\/www.messinaoggi.it\/website\/2022\/07\/13\/completato-con-successo-il-volo-inaugurale-del-vega-c\/","title":{"rendered":"Completato con successo il volo inaugurale del Vega C"},"content":{"rendered":"<div>KOUROU (GUYANA FRANCESE) (ITALPRESS) &#8211; Il lanciatore Vega C ha completato con successo il suo volo inaugurale, portando nell&#8217;orbita pianificata il carico principale LARES 2 &#8211; una missione scientifica dell&#8217;Agenzia Spaziale Italiana ASI. Sei CubeSats per la ricerca da Francia, Italia e Slovenia costituivano il carico secondario. Il lancio \u00e8 il coronamento dell&#8217;impegno pluriennale dell&#8217;ESA, del prime contractor Avio e dei partner industriali di 13 Paesi membri dell&#8217;ESA di portare avanti l&#8217;eredit\u00e0 del predecessore, Vega.<br \/>Vega C ha un notevole incremento di capacit\u00e0 di carico rispetto al Vega, che vola dal 2012. Con i primi due stadi nuovi e uno stadio superiore potenziato, Vega C aumenta la sua performance dalle 1,5 tonnellate del Vega alle 2,3 per l&#8217;orbita polare a 700 km di altitudine.<br \/>Vega C \u00e8 dotato di un nuovo e pi\u00f9 potente primo stadio, il P120C, derivato dal P80 del Vega. Subito sopra si trova il nuovo secondo stadio, Zefiro 40, poi come terzo stadio lo Zefiro 9, gi\u00e0 usato dal Vega.<br \/>Lo stadio superiore, in grado di riaccendersi pi\u00f9 volte, \u00e8 anch&#8217;esso potenziato. L&#8217;AVUM + ha un&#8217;aumentata capacit\u00e0 di carico di propellenti liquidi, per portare i carichi su orbite multiple in base ai parametri di missione e per permettere un maggiore tempo operativo nello spazio, consentendo missioni di durata estesa.<br \/>Il motore P120C sar\u00e0 usato anche come booster laterale per l&#8217;Ariane 6 in configurazione doppia o quadrupla. L&#8217;utilizzo di questo componente comune aumenta l&#8217;efficienza industriale e migliora la competitivit\u00e0 di entrambi i lanciatori.<br \/>&#8220;Questo successo \u00e8 il frutto del lavoro delle nostre persone in collaborazione con ESA, ASI e CNES, e conferma, ancora una volta, l&#8217;eccellenza tecnologica italiana e di Avio nello spazio e in Europa &#8211; commenta l&#8217;Amministratore Delegato di Avio, Giulio Ranzo -. La presenza al volo del Ministro per la Digitalizzazione e l&#8217;Innovazione Tecnologica Vittorio Colao, testimonia inoltre l&#8217;attenzione e l&#8217;impegno del Governo Italiano, che con il PNRR ha deciso di dare un ulteriore impulso alla ricerca e all&#8217;innovazione in un settore chiave per il Sistema Paese e per l&#8217;accesso indipendente allo Spazio. Il volo inaugurale di Vega C \u00e8 appena concluso ma dai prossimi giorni cominceremo a lavorare al prossimo previsto entro la fine dell&#8217;anno: il primo di 7 lanci gi\u00e0 contrattualizzati&#8221;.<div id=\"div-gpt-ad-Messinaoggi.it-DSK-300x250-corpoart\" style=\"text-align:center;margin:0 auto;\"><\/div><\/p>\n<p>&#8211; foto Esa-Avio &#8211;<div id=\"videoincontent\" style=\"clear:both\";><\/div><\/p>\n<p>(ITALPRESS).<\/p><\/div>\n","protected":false},"excerpt":{"rendered":"<p>KOUROU (GUYANA FRANCESE) (ITALPRESS) &#8211; Il lanciatore Vega C ha completato con successo il suo volo inaugurale, portando nell&#8217;orbita pianificata il carico principale LARES 2 &#8211; una missione scientifica dell&#8217;Agenzia Spaziale Italiana ASI. Sei CubeSats per la ricerca da Francia, Italia e Slovenia costituivano il carico secondario. Il lancio \u00e8 il coronamento dell&#8217;impegno pluriennale dell&#8217;ESA, [&hellip;]<\/p>\n","protected":false},"author":18,"featured_media":114433,"comment_status":"closed","ping_status":"closed","sticky":false,"template":"","format":"standard","meta":{"ub_ctt_via":"","_mi_skip_tracking":false},"categories":[446],"tags":[783],"featured_image_src":"https:\/\/www.messinaoggi.it\/website\/wp-content\/uploads\/2022\/07\/20220713_2633.jpg","author_info":{"display_name":"Admin","author_link":"https:\/\/www.messinaoggi.it\/website\/author\/admin\/"},"digistream_id":0,"digistream":false,"_links":{"self":[{"href":"https:\/\/www.messinaoggi.it\/website\/wp-json\/wp\/v2\/posts\/114432"}],"collection":[{"href":"https:\/\/www.messinaoggi.it\/website\/wp-json\/wp\/v2\/posts"}],"about":[{"href":"https:\/\/www.messinaoggi.it\/website\/wp-json\/wp\/v2\/types\/post"}],"author":[{"embeddable":true,"href":"https:\/\/www.messinaoggi.it\/website\/wp-json\/wp\/v2\/users\/18"}],"replies":[{"embeddable":true,"href":"https:\/\/www.messinaoggi.it\/website\/wp-json\/wp\/v2\/comments?post=114432"}],"version-history":[{"count":0,"href":"https:\/\/www.messinaoggi.it\/website\/wp-json\/wp\/v2\/posts\/114432\/revisions"}],"wp:featuredmedia":[{"embeddable":true,"href":"https:\/\/www.messinaoggi.it\/website\/wp-json\/wp\/v2\/media\/114433"}],"wp:attachment":[{"href":"https:\/\/www.messinaoggi.it\/website\/wp-json\/wp\/v2\/media?parent=114432"}],"wp:term":[{"taxonomy":"category","embeddable":true,"href":"https:\/\/www.messinaoggi.it\/website\/wp-json\/wp\/v2\/categories?post=114432"},{"taxonomy":"post_tag","embeddable":true,"href":"https:\/\/www.messinaoggi.it\/website\/wp-json\/wp\/v2\/tags?post=114432"}],"curies":[{"name":"wp","href":"https:\/\/api.w.org\/{rel}","templated":true}]}}