{"id":11442,"date":"2017-11-16T10:47:28","date_gmt":"2017-11-16T09:47:28","guid":{"rendered":"http:\/\/www.messinaoggi.it\/website\/?p=11442"},"modified":"2017-11-16T10:47:28","modified_gmt":"2017-11-16T09:47:28","slug":"maltempo-a-piedimonte-problemi-idrici-a-messina","status":"publish","type":"post","link":"https:\/\/www.messinaoggi.it\/website\/2017\/11\/16\/maltempo-a-piedimonte-problemi-idrici-a-messina\/","title":{"rendered":"Maltempo a Piedimonte, problemi idrici a Messina"},"content":{"rendered":"<p>A causa del maltempo che si \u00e8 abbattuto nella zona etnea, determinando un&#8217;improvvisa interruzione elettrica, la centrale Amam di Torrerossa ha subito dei problemi agli impianti di rilascio verso il serbatoio di Piedimonte. Per questo motivo si \u00e8 ridotto l&#8217;apporto idrico verso la citt\u00e0 dello Stretto e non \u00e8 stato possibile riempire al meglio i serbatoi cittadini.<br \/>\nGli orari di chiusura della distribuzione idrica in rete potrebbero essere anticipati alle ore 10.30. Le riparazioni agli impianti sono gi\u00e0 in atto per consentire il ritorno alla normalit\u00e0 entro la giornata di domani.<div id=\"div-gpt-ad-Messinaoggi.it-DSK-300x250-corpoart\" style=\"text-align:center;margin:0 auto;\"><\/div><\/p>\n<div id=\"videoincontent\" style=\"clear:both\";><\/div>","protected":false},"excerpt":{"rendered":"<p>A causa del maltempo che si \u00e8 abbattuto nella zona etnea, determinando un&#8217;improvvisa interruzione elettrica, la centrale Amam di Torrerossa ha subito dei problemi agli impianti di rilascio verso il serbatoio di Piedimonte. Per questo motivo si \u00e8 ridotto l&#8217;apporto idrico verso la citt\u00e0 dello Stretto e non \u00e8 stato possibile riempire al meglio i [&hellip;]<\/p>\n","protected":false},"author":2,"featured_media":3506,"comment_status":"closed","ping_status":"open","sticky":false,"template":"","format":"standard","meta":{"ub_ctt_via":"","_mi_skip_tracking":false},"categories":[5],"tags":[],"featured_image_src":"https:\/\/www.messinaoggi.it\/website\/wp-content\/uploads\/2017\/06\/acqua-amam-2.jpg","author_info":{"display_name":"Redazione","author_link":"https:\/\/www.messinaoggi.it\/website\/author\/redazione\/"},"digistream_id":0,"digistream":false,"_links":{"self":[{"href":"https:\/\/www.messinaoggi.it\/website\/wp-json\/wp\/v2\/posts\/11442"}],"collection":[{"href":"https:\/\/www.messinaoggi.it\/website\/wp-json\/wp\/v2\/posts"}],"about":[{"href":"https:\/\/www.messinaoggi.it\/website\/wp-json\/wp\/v2\/types\/post"}],"author":[{"embeddable":true,"href":"https:\/\/www.messinaoggi.it\/website\/wp-json\/wp\/v2\/users\/2"}],"replies":[{"embeddable":true,"href":"https:\/\/www.messinaoggi.it\/website\/wp-json\/wp\/v2\/comments?post=11442"}],"version-history":[{"count":0,"href":"https:\/\/www.messinaoggi.it\/website\/wp-json\/wp\/v2\/posts\/11442\/revisions"}],"wp:featuredmedia":[{"embeddable":true,"href":"https:\/\/www.messinaoggi.it\/website\/wp-json\/wp\/v2\/media\/3506"}],"wp:attachment":[{"href":"https:\/\/www.messinaoggi.it\/website\/wp-json\/wp\/v2\/media?parent=11442"}],"wp:term":[{"taxonomy":"category","embeddable":true,"href":"https:\/\/www.messinaoggi.it\/website\/wp-json\/wp\/v2\/categories?post=11442"},{"taxonomy":"post_tag","embeddable":true,"href":"https:\/\/www.messinaoggi.it\/website\/wp-json\/wp\/v2\/tags?post=11442"}],"curies":[{"name":"wp","href":"https:\/\/api.w.org\/{rel}","templated":true}]}}