{"id":114320,"date":"2022-07-13T10:17:51","date_gmt":"2022-07-13T08:17:51","guid":{"rendered":"https:\/\/www.messinaoggi.it\/website\/2022\/07\/13\/alvano-manca-il-personale-pnrr-a-rischio-per-i-comuni-del-sud\/"},"modified":"2022-07-13T10:17:51","modified_gmt":"2022-07-13T08:17:51","slug":"alvano-manca-il-personale-pnrr-a-rischio-per-i-comuni-del-sud","status":"publish","type":"post","link":"https:\/\/www.messinaoggi.it\/website\/2022\/07\/13\/alvano-manca-il-personale-pnrr-a-rischio-per-i-comuni-del-sud\/","title":{"rendered":"Alvano \u201cManca il personale, Pnrr a rischio per i Comuni del Sud\u201d"},"content":{"rendered":"<div>\n<p>PALERMO (ITALPRESS) \u2013 In Sicilia e in generale al Sud i Comuni rischiano di non sfruttare le risorse del Piano Nazionale di Ripresa e Resilienza per le difficolt\u00e0 organizzative legate alla carenza di personale. Una situazione aggravata da un\u2019applicazione del federalismo fiscale che ha favorito il Centro-Nord. A lanciare l\u2019allarme \u00e8 Mario Alvano, segretario generale di Anci Sicilia.<br \/>\u201cCi sono difficolt\u00e0 nelle diverse fasi dell\u2019utilizzo di questi fondi, a cominciare dalla progettazione per passare poi alla realizzazione delle opere, al monitoraggio e alla rendicontazione \u2013 spiega Alvano in un\u2019intervista all\u2019Italpress -. E\u2019 tutto il ciclo a rischio, perch\u00e8 i tempi sono stretti e perch\u00e8 partiamo da una condizione in Sicilia e pi\u00f9 in generale nel Mezzogiorno di estrema criticit\u00e0. Le difficolt\u00e0 finanziarie condizionano fortemente le possibilit\u00e0 di assumere personale, ci troviamo con uffici sguarniti, non solo quelli tecnici e finanziari. Questo \u00e8 un dato di partenza che ovviamente compromette la possibilit\u00e0 di realizzare iniziative ulteriori\u201d.<br \/>\u201cQuando parliamo di Pnrr parliamo di investimenti ed \u00e8 evidente che se i Comuni gi\u00e0 fanno fatica a gestire le funzioni ed erogare i servizi avranno ancora pi\u00f9 difficolt\u00e0 a gestire gli investimenti, perch\u00e8 vanno programmati, gestiti, vanno seguite tutte le fasi, e con quale personale?\u201d, sottolinea Alvano.<br \/>\u201cIl Governo ha messo in campo diverse iniziative, anche con la possibilit\u00e0 di assumere a tempo determinato del personale \u2013 prosegue il segretario generale dell\u2019Anci -. Ha realizzato il portale Capacity Italia che per supportare i Comuni si avvale di professionisti qualitificati che vengono dal mondo di Cassa Depositi e Prestiti e Invitalia\u201d, ma \u201ctutte queste iniziative sono un p\u00f2 un modo di sperimentare di volta in volta, \u00e8 evidente che non possono risolvere i nodi strutturali che vengono molto prima del Pnrr\u201d. Alvano mette l\u2019accento soprattutto su una situazione che \u201cnel nostro Paese \u00e8 diversificata. Il Centro-Nord parte da una situazione amministrativa di qualit\u00e0 e le opportunit\u00e0 possono essere sfruttate appieno, al Sud \u00e8 diverso\u201d. Quindi paradossalmente con il Pnrr il rischio di ampliare il divario Nord-Sud \u201c\u00e8 concretissimo\u201d. Un divario che \u201c\u00e8 gi\u00e0 una realt\u00e0 che osserviamo da oltre dieci anni a causa di un sistema di applicazione del federalismo fiscale non del tutto soddisfacente, per essere molto diplomatici. In realt\u00e0 \u00e8 gravemente lacunoso e ingiusto rispetto agli squilibri territoriali\u201d, spiega Alvano.<br \/>\u201cAbbiamo detto in maniera semplicistica ai territori di gestirsi con le risorse che producono, sapendo benissimo che le zone del Paese sono molto diversificate dal punto di vista della capacit\u00e0 fiscale. A questo si aggiunge anche una struttura amministrativa che da noi \u00e8 carente. La somma delle due cose determina ovviamente nel tempo un allargarsi della forbice \u2013 afferma il segretario generale di Anci Sicilia -. Abbiamo di fatto avuto una difficolt\u00e0 finanziaria prolungata, con una serie di esplosioni di crisi finanziarie nei Comuni e questo a sua volta ha inciso per opinabili scelte legislative sulla possibilit\u00e0 di assumere personale. I Comuni possono assumere solo se sono sani finanziariamente. Cos\u00ec \u00e8 accaduto che al Centro-Nord sono state fatte assunzioni e questo meccanismo \u00e8 stato premiale, per il Sud si \u00e8 determinato un effetto estremamente negativo, che oggi incide anche sul Pnrr\u201d. Un Piano \u201cche \u00e8 stato concepito come spesso avviene in Italia con una logica che guarda pi\u00f9 all\u2019organizzazione dei Comuni del Centro-Nord \u2013 spiega ancora Alvano -, immaginando che negli enti locali si fosse fatta gi\u00e0 un\u2019opera di pianificazione degli investimenti. Mancano invece le figure per utilizzare le risorse del Piano in una logica coerente, \u00e8 un problema che riguarda in generale l\u2019utilizzo dei fondi, servono scelte legislative che incidano su questo o comprometteremo le possibilit\u00e0 di sviluppo dei territori\u201d.<div id=\"div-gpt-ad-Messinaoggi.it-DSK-300x250-corpoart\" style=\"text-align:center;margin:0 auto;\"><\/div><\/p>\n<p>\u2013 foto Italpress \u2013<div id=\"videoincontent\" style=\"clear:both\";><\/div><\/p>\n<p>(ITALPRESS).<\/p>\n<\/div>\n","protected":false},"excerpt":{"rendered":"<p>PALERMO (ITALPRESS) \u2013 In Sicilia e in generale al Sud i Comuni rischiano di non sfruttare le risorse del Piano Nazionale di Ripresa e Resilienza per le difficolt\u00e0 organizzative legate alla carenza di personale. Una situazione aggravata da un\u2019applicazione del federalismo fiscale che ha favorito il Centro-Nord. A lanciare l\u2019allarme \u00e8 Mario Alvano, segretario generale [&hellip;]<\/p>\n","protected":false},"author":18,"featured_media":114321,"comment_status":"closed","ping_status":"closed","sticky":false,"template":"","format":"standard","meta":{"ub_ctt_via":"","_mi_skip_tracking":false},"categories":[2449],"tags":[783],"featured_image_src":"https:\/\/www.messinaoggi.it\/website\/wp-content\/uploads\/2022\/07\/20220713_0210.jpg","author_info":{"display_name":"Admin","author_link":"https:\/\/www.messinaoggi.it\/website\/author\/admin\/"},"digistream_id":0,"digistream":false,"_links":{"self":[{"href":"https:\/\/www.messinaoggi.it\/website\/wp-json\/wp\/v2\/posts\/114320"}],"collection":[{"href":"https:\/\/www.messinaoggi.it\/website\/wp-json\/wp\/v2\/posts"}],"about":[{"href":"https:\/\/www.messinaoggi.it\/website\/wp-json\/wp\/v2\/types\/post"}],"author":[{"embeddable":true,"href":"https:\/\/www.messinaoggi.it\/website\/wp-json\/wp\/v2\/users\/18"}],"replies":[{"embeddable":true,"href":"https:\/\/www.messinaoggi.it\/website\/wp-json\/wp\/v2\/comments?post=114320"}],"version-history":[{"count":0,"href":"https:\/\/www.messinaoggi.it\/website\/wp-json\/wp\/v2\/posts\/114320\/revisions"}],"wp:featuredmedia":[{"embeddable":true,"href":"https:\/\/www.messinaoggi.it\/website\/wp-json\/wp\/v2\/media\/114321"}],"wp:attachment":[{"href":"https:\/\/www.messinaoggi.it\/website\/wp-json\/wp\/v2\/media?parent=114320"}],"wp:term":[{"taxonomy":"category","embeddable":true,"href":"https:\/\/www.messinaoggi.it\/website\/wp-json\/wp\/v2\/categories?post=114320"},{"taxonomy":"post_tag","embeddable":true,"href":"https:\/\/www.messinaoggi.it\/website\/wp-json\/wp\/v2\/tags?post=114320"}],"curies":[{"name":"wp","href":"https:\/\/api.w.org\/{rel}","templated":true}]}}