{"id":114315,"date":"2022-07-13T10:00:31","date_gmt":"2022-07-13T08:00:31","guid":{"rendered":"http:\/\/www.messinaoggi.it\/website\/?p=114315"},"modified":"2022-07-13T11:59:36","modified_gmt":"2022-07-13T09:59:36","slug":"covid-da-oggi-si-parte-con-la-quarta-vaccinazione","status":"publish","type":"post","link":"https:\/\/www.messinaoggi.it\/website\/2022\/07\/13\/covid-da-oggi-si-parte-con-la-quarta-vaccinazione\/","title":{"rendered":"Covid, da oggi si parte con la quarta vaccinazione"},"content":{"rendered":"\n<p>Da oggi anche in Sicilia prende il via la somministrazione della quarta dose (<em>second booster<\/em> o secondo richiamo) di vaccino anti-Covid alle persone dai 60 anni in su e a quelle con elevata fragilit\u00e0 dai 12 anni in su, purch\u00e9 siano trascorsi almeno 120 giorni dalla ricezione del <em>booster<\/em> (terza dose o primo richiamo) o dall\u2019ultima infezione successiva al richiamo (in questo caso fa data il test che ha accertato la positivit\u00e0).<br>\u00c8 possibile prenotare la somministrazione, presso tutti i punti di vaccinazione attivi in Sicilia, sia dalla piattaforma di Poste Italiane (<a href=\"https:\/\/prenotazioni.vaccinicovid.gov.it\/\" target=\"_blank\" rel=\"noreferrer noopener\">https:\/\/prenotazioni.vaccinicovid.gov.it<\/a>) sia attraverso quella della Regione Siciliana (<a href=\"https:\/\/www.siciliacoronavirus.it\/\" target=\"_blank\" rel=\"noreferrer noopener\">https:\/\/www.siciliacoronavirus.it<\/a>). <br> Inoltre, \u00e8 possibile prenotarsi chiamando il numero verde 800.00.99.66, attivo dal luned\u00ec al venerd\u00ec dalle 9 alle 18: \u00e8 sufficiente indicare il codice fiscale, il numero della tessera sanitaria e quello del telefono cellulare, indispensabile per la conferma dell\u2019appuntamento. <div id=\"div-gpt-ad-Messinaoggi.it-DSK-300x250-corpoart\" style=\"text-align:center;margin:0 auto;\"><\/div><\/p>\n<div id=\"videoincontent\" style=\"clear:both\";><\/div>","protected":false},"excerpt":{"rendered":"<p>Da oggi anche in Sicilia prende il via la somministrazione della quarta dose (second booster o secondo richiamo) di vaccino anti-Covid alle persone dai 60 anni in su e a quelle con elevata fragilit\u00e0 dai 12 anni in su, purch\u00e9 siano trascorsi almeno 120 giorni dalla ricezione del booster (terza dose o primo richiamo) o [&hellip;]<\/p>\n","protected":false},"author":4,"featured_media":114316,"comment_status":"open","ping_status":"open","sticky":false,"template":"","format":"standard","meta":{"ub_ctt_via":"","_mi_skip_tracking":false},"categories":[221],"tags":[582],"featured_image_src":"https:\/\/www.messinaoggi.it\/website\/wp-content\/uploads\/2022\/07\/Grafica-quarta-dose.jpeg","author_info":{"display_name":"redme","author_link":"https:\/\/www.messinaoggi.it\/website\/author\/redme\/"},"digistream_id":0,"digistream":false,"_links":{"self":[{"href":"https:\/\/www.messinaoggi.it\/website\/wp-json\/wp\/v2\/posts\/114315"}],"collection":[{"href":"https:\/\/www.messinaoggi.it\/website\/wp-json\/wp\/v2\/posts"}],"about":[{"href":"https:\/\/www.messinaoggi.it\/website\/wp-json\/wp\/v2\/types\/post"}],"author":[{"embeddable":true,"href":"https:\/\/www.messinaoggi.it\/website\/wp-json\/wp\/v2\/users\/4"}],"replies":[{"embeddable":true,"href":"https:\/\/www.messinaoggi.it\/website\/wp-json\/wp\/v2\/comments?post=114315"}],"version-history":[{"count":1,"href":"https:\/\/www.messinaoggi.it\/website\/wp-json\/wp\/v2\/posts\/114315\/revisions"}],"predecessor-version":[{"id":114317,"href":"https:\/\/www.messinaoggi.it\/website\/wp-json\/wp\/v2\/posts\/114315\/revisions\/114317"}],"wp:featuredmedia":[{"embeddable":true,"href":"https:\/\/www.messinaoggi.it\/website\/wp-json\/wp\/v2\/media\/114316"}],"wp:attachment":[{"href":"https:\/\/www.messinaoggi.it\/website\/wp-json\/wp\/v2\/media?parent=114315"}],"wp:term":[{"taxonomy":"category","embeddable":true,"href":"https:\/\/www.messinaoggi.it\/website\/wp-json\/wp\/v2\/categories?post=114315"},{"taxonomy":"post_tag","embeddable":true,"href":"https:\/\/www.messinaoggi.it\/website\/wp-json\/wp\/v2\/tags?post=114315"}],"curies":[{"name":"wp","href":"https:\/\/api.w.org\/{rel}","templated":true}]}}