{"id":114197,"date":"2022-07-12T13:58:23","date_gmt":"2022-07-12T11:58:23","guid":{"rendered":"http:\/\/www.messinaoggi.it\/website\/?p=114197"},"modified":"2022-07-12T13:58:24","modified_gmt":"2022-07-12T11:58:24","slug":"de-luca-a-ragusa-saro-eletto-con-il-41-delle-preferenze","status":"publish","type":"post","link":"https:\/\/www.messinaoggi.it\/website\/2022\/07\/12\/de-luca-a-ragusa-saro-eletto-con-il-41-delle-preferenze\/","title":{"rendered":"De Luca a Ragusa: &#8220;Sar\u00f2 eletto con il 41% delle preferenze&#8221;"},"content":{"rendered":"\n<figure class=\"wp-block-table\"><table><tbody><tr><td>Chiediamo un impegno in prima persona ai sindaci, agli amministratori, a coloro che vivono il territorio. Rappresentanti di organizzazioni sindacali e datoriali, ma anche il cittadino comune. Ecco perch\u00e9 c&#8217;\u00e8 spazio nelle liste di testimonianza. Donne e uomini liberi che non vivono all&#8217;ombra del sistema politico regionale.<br>Questo progetto ormai non si ferma, nessuno deve avere dubbi&#8221;.<br>Lo ha dettto il leader di Sicilia Vera e candidato alla presidenza della Regione Siciliana Cateno De Luca a Marina di Ragusa.<br>&#8220;Ribadisco a chi mette in giro la voce che alla fine l&#8217;accordo con De Luca si trover\u00e0 che non sono n\u00e9 Armao n\u00e9 Lagalla. Non ci sar\u00e0 alcun accordo e vincer\u00f2 queste elezioni con il 41 per cento di preferenze. Sar\u00f2 sindaco di Sicilia con il 41 per cento. &#8211; ha aggiunto &#8211; Un risultato frutto di una strategia che determiner\u00e0 per le tre liste principali il superamento del 5 per cento, mentre le sei liste di testimonianza raccoglieranno dal 10 al 12 per cento.&#8221;<\/td><\/tr><\/tbody><\/table><\/figure>\n<div id=\"div-gpt-ad-Messinaoggi.it-DSK-300x250-corpoart\" style=\"text-align:center;margin:0 auto;\"><\/div><\/p><div id=\"videoincontent\" style=\"clear:both\";><\/div>","protected":false},"excerpt":{"rendered":"<p>Chiediamo un impegno in prima persona ai sindaci, agli amministratori, a coloro che vivono il territorio. Rappresentanti di organizzazioni sindacali e datoriali, ma anche il cittadino comune. Ecco perch\u00e9 c&#8217;\u00e8 spazio nelle liste di testimonianza. Donne e uomini liberi che non vivono all&#8217;ombra del sistema politico regionale.Questo progetto ormai non si ferma, nessuno deve avere [&hellip;]<\/p>\n","protected":false},"author":4,"featured_media":33500,"comment_status":"open","ping_status":"open","sticky":false,"template":"","format":"standard","meta":{"ub_ctt_via":"","_mi_skip_tracking":false},"categories":[4],"tags":[126],"featured_image_src":"https:\/\/www.messinaoggi.it\/website\/wp-content\/uploads\/2019\/06\/Cateno-De-Luca.jpg","author_info":{"display_name":"redme","author_link":"https:\/\/www.messinaoggi.it\/website\/author\/redme\/"},"digistream_id":0,"digistream":false,"_links":{"self":[{"href":"https:\/\/www.messinaoggi.it\/website\/wp-json\/wp\/v2\/posts\/114197"}],"collection":[{"href":"https:\/\/www.messinaoggi.it\/website\/wp-json\/wp\/v2\/posts"}],"about":[{"href":"https:\/\/www.messinaoggi.it\/website\/wp-json\/wp\/v2\/types\/post"}],"author":[{"embeddable":true,"href":"https:\/\/www.messinaoggi.it\/website\/wp-json\/wp\/v2\/users\/4"}],"replies":[{"embeddable":true,"href":"https:\/\/www.messinaoggi.it\/website\/wp-json\/wp\/v2\/comments?post=114197"}],"version-history":[{"count":1,"href":"https:\/\/www.messinaoggi.it\/website\/wp-json\/wp\/v2\/posts\/114197\/revisions"}],"predecessor-version":[{"id":114198,"href":"https:\/\/www.messinaoggi.it\/website\/wp-json\/wp\/v2\/posts\/114197\/revisions\/114198"}],"wp:featuredmedia":[{"embeddable":true,"href":"https:\/\/www.messinaoggi.it\/website\/wp-json\/wp\/v2\/media\/33500"}],"wp:attachment":[{"href":"https:\/\/www.messinaoggi.it\/website\/wp-json\/wp\/v2\/media?parent=114197"}],"wp:term":[{"taxonomy":"category","embeddable":true,"href":"https:\/\/www.messinaoggi.it\/website\/wp-json\/wp\/v2\/categories?post=114197"},{"taxonomy":"post_tag","embeddable":true,"href":"https:\/\/www.messinaoggi.it\/website\/wp-json\/wp\/v2\/tags?post=114197"}],"curies":[{"name":"wp","href":"https:\/\/api.w.org\/{rel}","templated":true}]}}