{"id":114167,"date":"2022-07-12T09:07:51","date_gmt":"2022-07-12T07:07:51","guid":{"rendered":"https:\/\/www.messinaoggi.it\/website\/2022\/07\/12\/meloni-concentrare-le-risorse-sul-lavoro\/"},"modified":"2022-07-12T09:07:51","modified_gmt":"2022-07-12T07:07:51","slug":"meloni-concentrare-le-risorse-sul-lavoro","status":"publish","type":"post","link":"https:\/\/www.messinaoggi.it\/website\/2022\/07\/12\/meloni-concentrare-le-risorse-sul-lavoro\/","title":{"rendered":"Meloni \u201cConcentrare le risorse sul lavoro\u201d"},"content":{"rendered":"<div>ROMA (ITALPRESS) &#8211; &#8220;Era inevitabile, si sta materializzando quanto Fratelli d&#8217;Italia dice da sempre, dall&#8217;inizio di questa legislatura, e cio\u00e8 che bisogna tornare il prima possibile al voto per dare all&#8217;Italia un Governo forte e coeso e soprattutto deciso dagli italiani. A meno che la mossa di Draghi serva in alternativa a spaventare quei parlamentari incollati alla<br \/>poltrona&#8221;. Cos\u00ec Giorgia Meloni, presidente di Fratelli d&#8217;Italia, in un&#8217;intervista al Sole 24 Ore, in merito alle fibrillazioni nella maggioranza e al colloquio tra il premier Mario Draghi e il presidente della Repubblica Sergio Mattarella al Quirinale.<br \/>&#8220;Questo \u00e8 il momento delle scelte, non si pu\u00f2 pensare di andare avanti cos\u00ec &#8211; spiega Meloni -, affrontando una fase complessa e drammatica come mai dal dopoguerra con una maggioranza che litiga su tutto mentre i cittadini fanno i conti quotidianamente con l&#8217;aumento vertiginoso delle bollette e la perdita del potere d&#8217;acquisto dei loro salari&#8221;.<br \/>Dal confronto Governo-sindacati sui salari, il leader di Fdi si aspetta &#8220;sinceramente molto poco. E per le stesse ragioni che hanno portato il presidente del Consiglio al Colle. I lavoratori non riescono a mantenere con i loro salari le famiglie e il ministro del Lavoro assieme a Cinque Stelle parlano di salario minimo fingendo di non sapere che in Italia oltre il 90% dei dipendenti \u00e8 coperto da contratti collettivi nazionali siglati da Cgil, Cisl e Uil. Ma di che parliamo?&#8221;.<br \/>Quella del taglio del cuneo fiscale &#8220;\u00e8 una strada che ci trova da sempre favorevoli perch\u00e8 per noi il lavoro \u00e8 la priorit\u00e0 &#8211; sottolinea Meloni -. Lo riteniamo da tempo tant&#8217;\u00e8 che chiedemmo a Draghi lo scorso anno di concentrare gli 8 miliardi sul cuneo fiscale e invece si prefer\u00ec un impercettibile abbassamento dell&#8217;Irpef di cui non si \u00e8 accorto nessuno. Ora ci risiamo. Confindustria ha proposto un taglio del cuneo fiscale di 16 miliardi di cui due terzi ai lavoratori e un terzo alle imprese, \u00e8 anche la nostra proposta ma temo che pure stavolta il governo la accantoner\u00e0 o la trasformer\u00e0 nell&#8217;ennesima misura ininfluente&#8221;.<div id=\"div-gpt-ad-Messinaoggi.it-DSK-300x250-corpoart\" style=\"text-align:center;margin:0 auto;\"><\/div><\/p>\n<p>&#8211; foto agenziafotogramma.it &#8211;<div id=\"videoincontent\" style=\"clear:both\";><\/div><\/p>\n<p>(ITALPRESS).<\/p><\/div>\n","protected":false},"excerpt":{"rendered":"<p>ROMA (ITALPRESS) &#8211; &#8220;Era inevitabile, si sta materializzando quanto Fratelli d&#8217;Italia dice da sempre, dall&#8217;inizio di questa legislatura, e cio\u00e8 che bisogna tornare il prima possibile al voto per dare all&#8217;Italia un Governo forte e coeso e soprattutto deciso dagli italiani. A meno che la mossa di Draghi serva in alternativa a spaventare quei parlamentari [&hellip;]<\/p>\n","protected":false},"author":18,"featured_media":114168,"comment_status":"closed","ping_status":"closed","sticky":false,"template":"","format":"standard","meta":{"ub_ctt_via":"","_mi_skip_tracking":false},"categories":[446],"tags":[783],"featured_image_src":"https:\/\/www.messinaoggi.it\/website\/wp-content\/uploads\/2022\/07\/20220712_0077.jpg","author_info":{"display_name":"Admin","author_link":"https:\/\/www.messinaoggi.it\/website\/author\/admin\/"},"digistream_id":0,"digistream":false,"_links":{"self":[{"href":"https:\/\/www.messinaoggi.it\/website\/wp-json\/wp\/v2\/posts\/114167"}],"collection":[{"href":"https:\/\/www.messinaoggi.it\/website\/wp-json\/wp\/v2\/posts"}],"about":[{"href":"https:\/\/www.messinaoggi.it\/website\/wp-json\/wp\/v2\/types\/post"}],"author":[{"embeddable":true,"href":"https:\/\/www.messinaoggi.it\/website\/wp-json\/wp\/v2\/users\/18"}],"replies":[{"embeddable":true,"href":"https:\/\/www.messinaoggi.it\/website\/wp-json\/wp\/v2\/comments?post=114167"}],"version-history":[{"count":0,"href":"https:\/\/www.messinaoggi.it\/website\/wp-json\/wp\/v2\/posts\/114167\/revisions"}],"wp:featuredmedia":[{"embeddable":true,"href":"https:\/\/www.messinaoggi.it\/website\/wp-json\/wp\/v2\/media\/114168"}],"wp:attachment":[{"href":"https:\/\/www.messinaoggi.it\/website\/wp-json\/wp\/v2\/media?parent=114167"}],"wp:term":[{"taxonomy":"category","embeddable":true,"href":"https:\/\/www.messinaoggi.it\/website\/wp-json\/wp\/v2\/categories?post=114167"},{"taxonomy":"post_tag","embeddable":true,"href":"https:\/\/www.messinaoggi.it\/website\/wp-json\/wp\/v2\/tags?post=114167"}],"curies":[{"name":"wp","href":"https:\/\/api.w.org\/{rel}","templated":true}]}}