{"id":114127,"date":"2022-07-12T00:07:50","date_gmt":"2022-07-11T22:07:50","guid":{"rendered":"https:\/\/www.messinaoggi.it\/website\/2022\/07\/11\/sanremo-morandi-co-conduttore-del-festival-con-amadeus\/"},"modified":"2022-07-12T08:42:50","modified_gmt":"2022-07-12T06:42:50","slug":"sanremo-morandi-co-conduttore-del-festival-con-amadeus","status":"publish","type":"post","link":"https:\/\/www.messinaoggi.it\/website\/2022\/07\/12\/sanremo-morandi-co-conduttore-del-festival-con-amadeus\/","title":{"rendered":"Sanremo, Morandi co-conduttore del festival con Amadeus"},"content":{"rendered":"<div>ROMA (ITALPRESS) &#8211; Gianni Morandi sar\u00e0 il co-conduttore della prossima edizione del Festival di Sanremo, in programma su Rai 1 dal 7 all&#8217;11 febbraio 2023. A darne notizia, al Tg1, \u00e8 il direttore artistico e conduttore Amadeus. &#8220;Scelto &#8211; spiega Amadeus &#8211; perch\u00e8 \u00e8 la storia della musica ma anche il presente, amato da generazioni, i giovani lo amano come i genitori negli anni &#8217;60&#8221;. In video Morandi dice: &#8220;Amadeus, la proposta di qualche giorni fa mi ha sorpreso ed entusiasmato. Mi sono chiesto: come mai Amadeus mi vuole? Poi ho pensato: hai fatto tre festival straordinari ma impegnativi e faticosi e nel 2023 avrai gi\u00e0 compiuto 60 anni: avrai bisogno di una mano e hai scelto me!&#8221;.<br \/>-foto agenziafotogramma.it-<br \/>(ITALPRESS).<\/div>\n<div id=\"div-gpt-ad-Messinaoggi.it-DSK-300x250-corpoart\" style=\"text-align:center;margin:0 auto;\"><\/div><\/p><div id=\"videoincontent\" style=\"clear:both\";><\/div>","protected":false},"excerpt":{"rendered":"<p>ROMA (ITALPRESS) &#8211; Gianni Morandi sar\u00e0 il co-conduttore della prossima edizione del Festival di Sanremo, in programma su Rai 1 dal 7 all&#8217;11 febbraio 2023. A darne notizia, al Tg1, \u00e8 il direttore artistico e conduttore Amadeus. &#8220;Scelto &#8211; spiega Amadeus &#8211; perch\u00e8 \u00e8 la storia della musica ma anche il presente, amato da generazioni, [&hellip;]<\/p>\n","protected":false},"author":18,"featured_media":114128,"comment_status":"closed","ping_status":"closed","sticky":false,"template":"","format":"standard","meta":{"ub_ctt_via":"","_mi_skip_tracking":false},"categories":[446,17],"tags":[783],"featured_image_src":"https:\/\/www.messinaoggi.it\/website\/wp-content\/uploads\/2022\/07\/20220711_2270.jpg","author_info":{"display_name":"Admin","author_link":"https:\/\/www.messinaoggi.it\/website\/author\/admin\/"},"digistream_id":0,"digistream":false,"_links":{"self":[{"href":"https:\/\/www.messinaoggi.it\/website\/wp-json\/wp\/v2\/posts\/114127"}],"collection":[{"href":"https:\/\/www.messinaoggi.it\/website\/wp-json\/wp\/v2\/posts"}],"about":[{"href":"https:\/\/www.messinaoggi.it\/website\/wp-json\/wp\/v2\/types\/post"}],"author":[{"embeddable":true,"href":"https:\/\/www.messinaoggi.it\/website\/wp-json\/wp\/v2\/users\/18"}],"replies":[{"embeddable":true,"href":"https:\/\/www.messinaoggi.it\/website\/wp-json\/wp\/v2\/comments?post=114127"}],"version-history":[{"count":1,"href":"https:\/\/www.messinaoggi.it\/website\/wp-json\/wp\/v2\/posts\/114127\/revisions"}],"predecessor-version":[{"id":114155,"href":"https:\/\/www.messinaoggi.it\/website\/wp-json\/wp\/v2\/posts\/114127\/revisions\/114155"}],"wp:featuredmedia":[{"embeddable":true,"href":"https:\/\/www.messinaoggi.it\/website\/wp-json\/wp\/v2\/media\/114128"}],"wp:attachment":[{"href":"https:\/\/www.messinaoggi.it\/website\/wp-json\/wp\/v2\/media?parent=114127"}],"wp:term":[{"taxonomy":"category","embeddable":true,"href":"https:\/\/www.messinaoggi.it\/website\/wp-json\/wp\/v2\/categories?post=114127"},{"taxonomy":"post_tag","embeddable":true,"href":"https:\/\/www.messinaoggi.it\/website\/wp-json\/wp\/v2\/tags?post=114127"}],"curies":[{"name":"wp","href":"https:\/\/api.w.org\/{rel}","templated":true}]}}