{"id":114108,"date":"2022-07-11T20:07:51","date_gmt":"2022-07-11T18:07:51","guid":{"rendered":"https:\/\/www.messinaoggi.it\/website\/2022\/07\/11\/governo-renzi-verifica-maggioranza-si-se-m5s-se-ne-va\/"},"modified":"2022-07-11T20:07:51","modified_gmt":"2022-07-11T18:07:51","slug":"governo-renzi-verifica-maggioranza-si-se-m5s-se-ne-va","status":"publish","type":"post","link":"https:\/\/www.messinaoggi.it\/website\/2022\/07\/11\/governo-renzi-verifica-maggioranza-si-se-m5s-se-ne-va\/","title":{"rendered":"Governo, Renzi \u201cVerifica maggioranza? S\u00ec se M5s se ne va\u201d"},"content":{"rendered":"<div>MILANO (ITALPRESS) &#8211; &#8220;Se il Movimento 5 Stelle se ne va&#8221; la verifica di maggioranza chiesta da Silvio Berlusconi &#8220;a maggior ragione \u00e8 un tema da affrontare tutti insieme col Presidente del Consiglio. Io sono orgoglioso di avere mandato a casa Conte e di avere portato Draghi.  E&#8217; chiaro che se non c&#8217;\u00e8 pi\u00f9 il M5S, per me si pu\u00f2 andare avanti anche senza, ma bisogna vedere se ci sono la volont\u00e0 e i numeri e su che cosa. Qui c&#8217;\u00e8 da non perdere i soldi europei, il Pnrr, da fare la legge di bilancio, poi forse qualcuno vuole fare la legge elettorale&#8221;. Lo ha detto il leader di Italia Viva Matteo Renzi a margine della presentazione del libro dell&#8217;ex ministro della Giustizia Claudio Martelli al teatro Parenti di Milano. (ITALPRESS).<div id=\"div-gpt-ad-Messinaoggi.it-DSK-300x250-corpoart\" style=\"text-align:center;margin:0 auto;\"><\/div><\/p>\n<p>Photo credits: www.agenziafotogramma.it<\/div>\n<div id=\"videoincontent\" style=\"clear:both\";><\/div>","protected":false},"excerpt":{"rendered":"<p>MILANO (ITALPRESS) &#8211; &#8220;Se il Movimento 5 Stelle se ne va&#8221; la verifica di maggioranza chiesta da Silvio Berlusconi &#8220;a maggior ragione \u00e8 un tema da affrontare tutti insieme col Presidente del Consiglio. Io sono orgoglioso di avere mandato a casa Conte e di avere portato Draghi. E&#8217; chiaro che se non c&#8217;\u00e8 pi\u00f9 il [&hellip;]<\/p>\n","protected":false},"author":18,"featured_media":114109,"comment_status":"closed","ping_status":"closed","sticky":false,"template":"","format":"standard","meta":{"ub_ctt_via":"","_mi_skip_tracking":false},"categories":[446],"tags":[783],"featured_image_src":"https:\/\/www.messinaoggi.it\/website\/wp-content\/uploads\/2022\/07\/20220711_2076.jpg","author_info":{"display_name":"Admin","author_link":"https:\/\/www.messinaoggi.it\/website\/author\/admin\/"},"digistream_id":0,"digistream":false,"_links":{"self":[{"href":"https:\/\/www.messinaoggi.it\/website\/wp-json\/wp\/v2\/posts\/114108"}],"collection":[{"href":"https:\/\/www.messinaoggi.it\/website\/wp-json\/wp\/v2\/posts"}],"about":[{"href":"https:\/\/www.messinaoggi.it\/website\/wp-json\/wp\/v2\/types\/post"}],"author":[{"embeddable":true,"href":"https:\/\/www.messinaoggi.it\/website\/wp-json\/wp\/v2\/users\/18"}],"replies":[{"embeddable":true,"href":"https:\/\/www.messinaoggi.it\/website\/wp-json\/wp\/v2\/comments?post=114108"}],"version-history":[{"count":0,"href":"https:\/\/www.messinaoggi.it\/website\/wp-json\/wp\/v2\/posts\/114108\/revisions"}],"wp:featuredmedia":[{"embeddable":true,"href":"https:\/\/www.messinaoggi.it\/website\/wp-json\/wp\/v2\/media\/114109"}],"wp:attachment":[{"href":"https:\/\/www.messinaoggi.it\/website\/wp-json\/wp\/v2\/media?parent=114108"}],"wp:term":[{"taxonomy":"category","embeddable":true,"href":"https:\/\/www.messinaoggi.it\/website\/wp-json\/wp\/v2\/categories?post=114108"},{"taxonomy":"post_tag","embeddable":true,"href":"https:\/\/www.messinaoggi.it\/website\/wp-json\/wp\/v2\/tags?post=114108"}],"curies":[{"name":"wp","href":"https:\/\/api.w.org\/{rel}","templated":true}]}}