{"id":114102,"date":"2022-07-11T19:35:45","date_gmt":"2022-07-11T17:35:45","guid":{"rendered":"http:\/\/www.messinaoggi.it\/website\/?p=114102"},"modified":"2022-07-11T19:35:47","modified_gmt":"2022-07-11T17:35:47","slug":"centro-diurno-per-autistici-cittadinanzattiva-ci-aspettavamo-di-piu-dallincontro-di-basile-illuse-centinaia-di-famiglie","status":"publish","type":"post","link":"https:\/\/www.messinaoggi.it\/website\/2022\/07\/11\/centro-diurno-per-autistici-cittadinanzattiva-ci-aspettavamo-di-piu-dallincontro-di-basile-illuse-centinaia-di-famiglie\/","title":{"rendered":"Centro diurno per autistici, Cittadinanzattiva: \u201cCi aspettavamo di pi\u00f9 dall\u2019incontro di Basile, illuse centinaia di famiglie\u201d"},"content":{"rendered":"\n<p>\u201cNegli ultimi 4 anni abbiamo assistito a lunghi monologhi del Sindaco pro tempore, in tutte le sedi, spesso con toni accesi od oltraggiosi delle persone e dei ruoli anche istituzionali. Molti ora, invece, speravano, me compresa quindi, anche conoscendo la Sua provenienza \u201cistituzionale\u201d, nella fine dell\u2019arroganza, delle offese alle persone ma, soprattutto, alla stessa democrazia partecipativa ed al ruolo di cittadinanza (attiva e propositiva) che molte associazioni e singoli soggetti svolgono in questa citt\u00e0, nella piena legalit\u00e0 e nell\u2019esclusivo interesse dei diritti propri e dei cittadini tutti, specie dei pi\u00f9 deboli e fragili socialmente\u201d. Non si spengono le polemiche sullo slittamento dell\u2019apertura del Centro diurno per bimbi autistici. Angela Rizzo, responsabile regionale affari sociali di Cittadinanzattiva, ha criticato, infatti, l\u2019esito della riunione su questo problema, convocata da Basile, che si \u00e8 tenuta venerd\u00ec.<div id=\"div-gpt-ad-Messinaoggi.it-DSK-300x250-corpoart\" style=\"text-align:center;margin:0 auto;\"><\/div><\/p>\n\n\n\n<p>\u201cPurtroppo, &#8211; prosegue Rizzo &#8211; l\u2019andamento della riunione del tavolo tecnico in oggetto, per il Suo approccio personale verso i presenti ma specie nei mei confronti (oltre che del giornalista intervenuto, letteralmente cacciato fuori) ha deluso non poco le speranze mie certamente ma soprattutto quelle di centinaia di cittadini che attendevano la tanto attesa sottoscrizione della modifica \u2018Accordo di Programma 14 Aprile2017 \u201cBio \u2013 Parco delle intelligenze e delle neuro-fragilita\u2019\u2019 , oltre che sicuramente dell\u2019intera parte della citt\u00e0 da sempre schierata a presidio della solidariet\u00e0 sociale e della lotta alle disuguaglianze e per il lavoro. Invece, Lei sig. Sindaco, anche dimenticando le promesse recenti di una Sua diversit\u00e0 relazionale rispetto al predecessore, ha svolto il ruolo affidatogli dai cittadini iniziando subito col far sapere di essere il \u201cpadrone di casa\u201d (equivocando evidentemente il contenuto del Suo ruolo e di chi fosse veramente quella \u201ccasa\u201d), cos\u00ec riaprendo il sipario di un teatrino\/modus operandi che dovevamo dimenticare, aiutato in questo teatrino da altri attori avvezzi gi\u00e0 in precedenza a recite di malposta sicumera efficientista.<div id=\"videoincontent\" style=\"clear:both\";><\/div><\/p>\n\n\n\n<p>All\u2019incontro, cui avevo partecipato con entusiasmo e speranza, dopo un mio giustificato (ritengo) iniziale moto di sdegno e di abbandono della riunione, fortunatamente mi ha poi dato modo di chiarire alcuni fatti mal riferiti, sino a ricevere la sua disponibilit\u00e0 al dialogo, quale nostro unico interlocutore accettabile sulla vicenda in discussione. Purtroppo le informazioni parziali e preconcette che Le sono state trasferite (si crede dal suo Assessore alle Politiche Sociali) hanno fatto s\u00ec che ieri l\u2019incontro si sia comunque concluso con un nulla di fatto. In ogni caso, vorrei pubblicamente precisarLe che all\u2019incontro non eravamo presenti all\u2019incontro per discutere di un NUOVO ACCORDO come ha scritto nel suo post, ma l\u2019accordo; trovato poco prima del Suo insediamento, ieri doveva essere solo sottoscritto da chi ne aveva ormai l\u2019obbligo.<\/p>\n\n\n\n<p>\u201cLei, sig. Sindaco, con la sua convocazione (male organizzata, senza assicurarsi preventivamente tutte le presenze dei soggetti istituzionali interessati) ha illuso ancora una volta 1.500 famiglie e utenti. Lei, signor Sindaco, si era impegnato personalmente e noi Le avevamo creduto perch\u00e9 ci era sembrato in buona fede. La verit\u00e0 \u00e8 che questa del trasferimento dei locali all\u2019Asp \u00e8 una buona idea perch\u00e9 \u00e8 quella che rispetta la competenza per materia (assistenza socio-sanitaria agli autistici), la pi\u00f9 efficiente ed efficace nei confronti degli utenti e le buone idee non hanno colore politico, si appoggiano, si realizzano e basta, per il bene di tutti. L\u2019assessore Calafiore, invece, ha tentato di continuare a rappresentare difficolt\u00e0 che non hanno alcuna sussistenza, sul piano giuridico ed amministrativo, visto che tutti gli attori istituzionali hanno gi\u00e0 dato il loro consenso al trasferimento, per competenza, della gestione dei locali dall\u2019IRCCS all\u2019Asp.; forse tanto astio e difficolt\u00e0 perch\u00e9 questa buona idea \u00e8 venuta ai cittadini attivi (in spirito di sussidiariet\u00e0 ex art.118 Cost.) e non all\u2019Amministrazione?<\/p>\n\n\n\n<p>\u201cCi aspettavamo di pi\u00f9 dall\u2019incontro ma vogliamo darle ancora fiducia, sig. Sindaco, dandole per\u00f2 poco tempo, considerato che gi\u00e0 svolgeva un importante ruolo amministrativo nel nostro Comune e dovrebbe conoscere la problematica; da oggi ha tutti gli elementi per decidere in fretta, perch\u00e9 i bambini e le famiglie non possono pi\u00f9 aspettare che si consumino ripicche e piccole vendette, personali e politiche. Il \u201cCentro Diurno\u201d per i disabili autistici si deve fare presto e bene, perch\u00e9 \u00e8 necessario. Per quanto mi riguarda, non parteciper\u00f2 pi\u00f9 ad incontri e tavoli convocati solo per cercare di convincere l\u2019opinione pubblica dell\u2019operosit\u00e0 dell\u2019Amministrazione e\/o tutelare l\u2019Assessore al ramo, deludendo chi abbisogna di aiuto. Il Suo compito \u00e8 tutelare i cittadini fragili, tutti. \u00c8 certo, per\u00f2, che non abbandoner\u00f2, assieme agli altri compagni di viaggio, il mio impegno, che semmai svolger\u00f2 con altri strumenti. Si impegni anche Lei nel ruolo di fare bene le cose giuste, con disponibilit\u00e0 relazionale, impegno culturale, senso delle Istituzioni. Vedr\u00e0 che i risultati la faranno sentire bene, come accade a noi da sempre\u201d.<\/p>\n","protected":false},"excerpt":{"rendered":"<p>\u201cNegli ultimi 4 anni abbiamo assistito a lunghi monologhi del Sindaco pro tempore, in tutte le sedi, spesso con toni accesi od oltraggiosi delle persone e dei ruoli anche istituzionali. Molti ora, invece, speravano, me compresa quindi, anche conoscendo la Sua provenienza \u201cistituzionale\u201d, nella fine dell\u2019arroganza, delle offese alle persone ma, soprattutto, alla stessa democrazia [&hellip;]<\/p>\n","protected":false},"author":8,"featured_media":10428,"comment_status":"open","ping_status":"open","sticky":false,"template":"","format":"standard","meta":{"ub_ctt_via":"","_mi_skip_tracking":false},"categories":[5],"tags":[4720,2394,2972],"featured_image_src":"https:\/\/www.messinaoggi.it\/website\/wp-content\/uploads\/2017\/10\/alunni-con-disabilita-seminario.jpg","author_info":{"display_name":"red..me","author_link":"https:\/\/www.messinaoggi.it\/website\/author\/redstage\/"},"digistream_id":0,"digistream":false,"_links":{"self":[{"href":"https:\/\/www.messinaoggi.it\/website\/wp-json\/wp\/v2\/posts\/114102"}],"collection":[{"href":"https:\/\/www.messinaoggi.it\/website\/wp-json\/wp\/v2\/posts"}],"about":[{"href":"https:\/\/www.messinaoggi.it\/website\/wp-json\/wp\/v2\/types\/post"}],"author":[{"embeddable":true,"href":"https:\/\/www.messinaoggi.it\/website\/wp-json\/wp\/v2\/users\/8"}],"replies":[{"embeddable":true,"href":"https:\/\/www.messinaoggi.it\/website\/wp-json\/wp\/v2\/comments?post=114102"}],"version-history":[{"count":1,"href":"https:\/\/www.messinaoggi.it\/website\/wp-json\/wp\/v2\/posts\/114102\/revisions"}],"predecessor-version":[{"id":114104,"href":"https:\/\/www.messinaoggi.it\/website\/wp-json\/wp\/v2\/posts\/114102\/revisions\/114104"}],"wp:featuredmedia":[{"embeddable":true,"href":"https:\/\/www.messinaoggi.it\/website\/wp-json\/wp\/v2\/media\/10428"}],"wp:attachment":[{"href":"https:\/\/www.messinaoggi.it\/website\/wp-json\/wp\/v2\/media?parent=114102"}],"wp:term":[{"taxonomy":"category","embeddable":true,"href":"https:\/\/www.messinaoggi.it\/website\/wp-json\/wp\/v2\/categories?post=114102"},{"taxonomy":"post_tag","embeddable":true,"href":"https:\/\/www.messinaoggi.it\/website\/wp-json\/wp\/v2\/tags?post=114102"}],"curies":[{"name":"wp","href":"https:\/\/api.w.org\/{rel}","templated":true}]}}